{"id":5504,"date":"2017-06-29T17:06:45","date_gmt":"2017-06-29T17:06:45","guid":{"rendered":"http:\/\/face.unt.edu.ar\/web\/?p=5504"},"modified":"2017-06-29T17:06:45","modified_gmt":"2017-06-29T17:06:45","slug":"se-llevo-a-cabo-la-tercera-edicion-de-la-jornada-conoce-economicas","status":"publish","type":"post","link":"https:\/\/face.unt.edu.ar\/web\/blog\/se-llevo-a-cabo-la-tercera-edicion-de-la-jornada-conoce-economicas\/","title":{"rendered":"Se llev\u00f3 a cabo la tercera edici\u00f3n de la Jornada \u00abConoc\u00e9 Econ\u00f3micas\u00bb"},"content":{"rendered":"<p>Los alumnos del ultimo a\u00f1o de la secundaria pudieron conocer la oferta acad\u00e9mica de nuestra Facultad el pasado jueves, en las instalaciones de nuestra Casa.<\/p>\n<p>En la tercera edici\u00f3n de este encuentro que se lleva acabo desde el a\u00f1o 2015, hubo charlas sobre las carreras que se dictan, a cargo de profesionales egresados de nuestra Casa, quienes contaron sus experiencias.<\/p>\n<p>Tambi\u00e9n, los futuros estudiantes pudieron despejar sus dudas en los stands de las carreras en la que los docentes y tutores despejaron las principales inquietudes de los interesados en formar parte de alguna de las tres carreras.<\/p>\n<p>Los alumnos avanzados integrantes del <a class=\"profileLink\" href=\"https:\/\/www.facebook.com\/tutoriasFACE\/?fref=mentions\">Sistema de Tutor\u00edas<\/a> adem\u00e1s, tuvieron su espacio en un segmento de la charla para contarnos sobre cada una de las carreras, explicaci\u00f3n que incluy\u00f3 un sketch humor\u00edstico, que cont\u00f3 con la actuaci\u00f3n de los mismos alumnos a cargo de la charla.<\/p>\n<p>Mir\u00e1 el \u00e1lbum de fotos de la jornada <span style=\"color: #0000ff\"><a style=\"color: #0000ff\" href=\"https:\/\/www.facebook.com\/pg\/faceunt\/photos\/?tab=album&amp;album_id=835219936646869\">aqu\u00ed<\/a><\/span><\/p>\n","protected":false},"excerpt":{"rendered":"<p>Los alumnos del ultimo a\u00f1o de la secundaria pudieron conocer la oferta acad\u00e9mica de nuestra Facultad el pasado jueves, en las instalaciones de nuestra Casa. En la tercera edici\u00f3n de este encuentro que se lleva acabo desde el a\u00f1o 2015, hubo charlas sobre las carreras que se dictan, a cargo de profesionales egresados de nuestra [&hellip;]<\/p>\n","protected":false},"author":3,"featured_media":5506,"comment_status":"open","ping_status":"open","sticky":false,"template":"","format":"standard","meta":{"_et_pb_use_builder":"","_et_pb_old_content":"","_et_gb_content_width":"","footnotes":""},"categories":[4],"tags":[],"_links":{"self":[{"href":"https:\/\/face.unt.edu.ar\/web\/wp-json\/wp\/v2\/posts\/5504"}],"collection":[{"href":"https:\/\/face.unt.edu.ar\/web\/wp-json\/wp\/v2\/posts"}],"about":[{"href":"https:\/\/face.unt.edu.ar\/web\/wp-json\/wp\/v2\/types\/post"}],"author":[{"embeddable":true,"href":"https:\/\/face.unt.edu.ar\/web\/wp-json\/wp\/v2\/users\/3"}],"replies":[{"embeddable":true,"href":"https:\/\/face.unt.edu.ar\/web\/wp-json\/wp\/v2\/comments?post=5504"}],"version-history":[{"count":4,"href":"https:\/\/face.unt.edu.ar\/web\/wp-json\/wp\/v2\/posts\/5504\/revisions"}],"predecessor-version":[{"id":5521,"href":"https:\/\/face.unt.edu.ar\/web\/wp-json\/wp\/v2\/posts\/5504\/revisions\/5521"}],"wp:featuredmedia":[{"embeddable":true,"href":"https:\/\/face.unt.edu.ar\/web\/wp-json\/wp\/v2\/media\/5506"}],"wp:attachment":[{"href":"https:\/\/face.unt.edu.ar\/web\/wp-json\/wp\/v2\/media?parent=5504"}],"wp:term":[{"taxonomy":"category","embeddable":true,"href":"https:\/\/face.unt.edu.ar\/web\/wp-json\/wp\/v2\/categories?post=5504"},{"taxonomy":"post_tag","embeddable":true,"href":"https:\/\/face.unt.edu.ar\/web\/wp-json\/wp\/v2\/tags?post=5504"}],"curies":[{"name":"wp","href":"https:\/\/api.w.org\/{rel}","templated":true}]}}