{"id":5667,"date":"2017-08-08T16:36:06","date_gmt":"2017-08-08T16:36:06","guid":{"rendered":"http:\/\/face.unt.edu.ar\/web\/?p=5667"},"modified":"2017-08-08T16:42:01","modified_gmt":"2017-08-08T16:42:01","slug":"charla-abierta-a-cargo-del-reconocido-economista-arnold-harberger","status":"publish","type":"post","link":"https:\/\/face.unt.edu.ar\/web\/blog\/charla-abierta-a-cargo-del-reconocido-economista-arnold-harberger\/","title":{"rendered":"Charla abierta a cargo del reconocido economista Arnold Harberger"},"content":{"rendered":"<p>El distinguido Profesor y economista\u00a0<strong>Arnold Harberger<\/strong>\u00a0brindar\u00e1 una charla abierta destinada a docentes y alumnos de nuestra Facultad.<\/p>\n<p>La misma se realizar\u00e1 el Viernes 11 de Agosto, en el aula 16, de 10:30 a 12:00 hs.<\/p>\n<p>Cabe destacar que el Dr. Harberger, se encuentra en nuestra provincia, con motivo de llevarse a cabo este mi\u00e9rcoles la Conferencia en homenaje al Dr. Victor El\u00edas, que realizada en el marco de los 70 a\u00f1os de la Facultad, y en la cual tambi\u00e9n participar\u00e1 como orador.<\/p>\n<p>&nbsp;<\/p>\n<div><\/div>\n","protected":false},"excerpt":{"rendered":"<p>El distinguido Profesor y economista\u00a0Arnold Harberger\u00a0brindar\u00e1 una charla abierta destinada a docentes y alumnos de nuestra Facultad. La misma se realizar\u00e1 el Viernes 11 de Agosto, en el aula 16, de 10:30 a 12:00 hs. Cabe destacar que el Dr. Harberger, se encuentra en nuestra provincia, con motivo de llevarse a cabo este mi\u00e9rcoles la [&hellip;]<\/p>\n","protected":false},"author":3,"featured_media":5669,"comment_status":"open","ping_status":"open","sticky":false,"template":"","format":"standard","meta":{"_et_pb_use_builder":"","_et_pb_old_content":"","_et_gb_content_width":"","footnotes":""},"categories":[4],"tags":[],"_links":{"self":[{"href":"https:\/\/face.unt.edu.ar\/web\/wp-json\/wp\/v2\/posts\/5667"}],"collection":[{"href":"https:\/\/face.unt.edu.ar\/web\/wp-json\/wp\/v2\/posts"}],"about":[{"href":"https:\/\/face.unt.edu.ar\/web\/wp-json\/wp\/v2\/types\/post"}],"author":[{"embeddable":true,"href":"https:\/\/face.unt.edu.ar\/web\/wp-json\/wp\/v2\/users\/3"}],"replies":[{"embeddable":true,"href":"https:\/\/face.unt.edu.ar\/web\/wp-json\/wp\/v2\/comments?post=5667"}],"version-history":[{"count":5,"href":"https:\/\/face.unt.edu.ar\/web\/wp-json\/wp\/v2\/posts\/5667\/revisions"}],"predecessor-version":[{"id":5673,"href":"https:\/\/face.unt.edu.ar\/web\/wp-json\/wp\/v2\/posts\/5667\/revisions\/5673"}],"wp:featuredmedia":[{"embeddable":true,"href":"https:\/\/face.unt.edu.ar\/web\/wp-json\/wp\/v2\/media\/5669"}],"wp:attachment":[{"href":"https:\/\/face.unt.edu.ar\/web\/wp-json\/wp\/v2\/media?parent=5667"}],"wp:term":[{"taxonomy":"category","embeddable":true,"href":"https:\/\/face.unt.edu.ar\/web\/wp-json\/wp\/v2\/categories?post=5667"},{"taxonomy":"post_tag","embeddable":true,"href":"https:\/\/face.unt.edu.ar\/web\/wp-json\/wp\/v2\/tags?post=5667"}],"curies":[{"name":"wp","href":"https:\/\/api.w.org\/{rel}","templated":true}]}}