{"id":5694,"date":"2017-08-14T15:52:23","date_gmt":"2017-08-14T15:52:23","guid":{"rendered":"http:\/\/face.unt.edu.ar\/web\/?p=5694"},"modified":"2017-08-14T15:53:34","modified_gmt":"2017-08-14T15:53:34","slug":"esta-abierta-la-convocatoria-del-programa-escala-estudiantil-2018-primer-semestre","status":"publish","type":"post","link":"https:\/\/face.unt.edu.ar\/web\/blog\/esta-abierta-la-convocatoria-del-programa-escala-estudiantil-2018-primer-semestre\/","title":{"rendered":"Est\u00e1 abierta la convocatoria del Programa Escala Estudiantil 2018, Primer Semestre"},"content":{"rendered":"<p>Se abri\u00f3 la convocatoria del <strong>Programa Escala Estudiantil 2018, Primer Semestre. Cierra el <u>01 de septiembre<\/u>.<\/strong><\/p>\n<p>En los siguientes link adjuntamos archivos con informaci\u00f3n sobre el Formulario de Presentaci\u00f3n y los requisitos, m\u00e1s datos sobre la convocatoria.<\/p>\n<p><a href=\"https:\/\/drive.google.com\/a\/face.unt.edu.ar\/file\/d\/0BwZE7DzLP04Yb0FBMnc3MkkzampjOXZzOU8xQXFOSzJLVWhR\/view?usp=sharing\" target=\"_blank\">\u00a0&#8211; Formulario de Presentci\u00f3n Escala Estudiantil \u00b418<\/a><\/p>\n<p><a href=\"https:\/\/drive.google.com\/a\/face.unt.edu.ar\/file\/d\/0BwZE7DzLP04YNVV3a0hNMl84OU1FOU8zczJsellEQzd0MUxB\/view?usp=sharing\" target=\"_blank\">&#8211; Convocatoria Primer Semestre<\/a><\/p>\n<p>Pueden encontrar m\u00e1s informaci\u00f3n en <em><a href=\"http:\/\/www.internacionales.unt.edu\">www.internacionales.unt.edu<\/a>\u00a0<\/em><\/p>\n","protected":false},"excerpt":{"rendered":"<p>Se abri\u00f3 la convocatoria del Programa Escala Estudiantil 2018, Primer Semestre. Cierra el 01 de septiembre. En los siguientes link adjuntamos archivos con informaci\u00f3n sobre el Formulario de Presentaci\u00f3n y los requisitos, m\u00e1s datos sobre la convocatoria. \u00a0&#8211; Formulario de Presentci\u00f3n Escala Estudiantil \u00b418 &#8211; Convocatoria Primer Semestre Pueden encontrar m\u00e1s informaci\u00f3n en www.internacionales.unt.edu\u00a0<\/p>\n","protected":false},"author":2,"featured_media":5695,"comment_status":"open","ping_status":"open","sticky":false,"template":"","format":"standard","meta":{"_et_pb_use_builder":"","_et_pb_old_content":"","_et_gb_content_width":"","footnotes":""},"categories":[4],"tags":[],"_links":{"self":[{"href":"https:\/\/face.unt.edu.ar\/web\/wp-json\/wp\/v2\/posts\/5694"}],"collection":[{"href":"https:\/\/face.unt.edu.ar\/web\/wp-json\/wp\/v2\/posts"}],"about":[{"href":"https:\/\/face.unt.edu.ar\/web\/wp-json\/wp\/v2\/types\/post"}],"author":[{"embeddable":true,"href":"https:\/\/face.unt.edu.ar\/web\/wp-json\/wp\/v2\/users\/2"}],"replies":[{"embeddable":true,"href":"https:\/\/face.unt.edu.ar\/web\/wp-json\/wp\/v2\/comments?post=5694"}],"version-history":[{"count":1,"href":"https:\/\/face.unt.edu.ar\/web\/wp-json\/wp\/v2\/posts\/5694\/revisions"}],"predecessor-version":[{"id":5696,"href":"https:\/\/face.unt.edu.ar\/web\/wp-json\/wp\/v2\/posts\/5694\/revisions\/5696"}],"wp:featuredmedia":[{"embeddable":true,"href":"https:\/\/face.unt.edu.ar\/web\/wp-json\/wp\/v2\/media\/5695"}],"wp:attachment":[{"href":"https:\/\/face.unt.edu.ar\/web\/wp-json\/wp\/v2\/media?parent=5694"}],"wp:term":[{"taxonomy":"category","embeddable":true,"href":"https:\/\/face.unt.edu.ar\/web\/wp-json\/wp\/v2\/categories?post=5694"},{"taxonomy":"post_tag","embeddable":true,"href":"https:\/\/face.unt.edu.ar\/web\/wp-json\/wp\/v2\/tags?post=5694"}],"curies":[{"name":"wp","href":"https:\/\/api.w.org\/{rel}","templated":true}]}}