{"id":5700,"date":"2017-08-15T15:18:16","date_gmt":"2017-08-15T15:18:16","guid":{"rendered":"http:\/\/face.unt.edu.ar\/web\/?p=5700"},"modified":"2017-08-16T19:36:46","modified_gmt":"2017-08-16T19:36:46","slug":"curso-de-extension-el-proceso-de-seleccion-la-entrevista-por-competencia","status":"publish","type":"post","link":"https:\/\/face.unt.edu.ar\/web\/blog\/curso-de-extension-el-proceso-de-seleccion-la-entrevista-por-competencia\/","title":{"rendered":"Curso de Extensi\u00f3n \u201cEl Proceso de Selecci\u00f3n: la Entrevista por Competencia\u201d"},"content":{"rendered":"<p>La Facultad de Ciencias Econ\u00f3micas de la UNT, invita a participar de Curso de\u00a0Extensi\u00f3n\u00a0<strong>\u201cEl Proceso de Selecci\u00f3n: la Entrevista por Competencia\u201d,\u00a0<\/strong>que estar\u00e1 a cargo de la\u00a0<strong>Psic Espe. Florencia Villaverde<\/strong>, docente \u00a0de\u00a0la C\u00e1tedra Comportamiento Organizacional\u00a0de\u00a0la Facultad\u00a0de\u00a0Ciencias Econ\u00f3micas.<br \/>\nSe desarrollar\u00e1 en cuatro encuentros los d\u00edas\u00a0<strong>4, 6, 11 y 13 de Septiembre,\u00a0de\u00a018:30 a 21:30 horas<br \/>\n<\/strong><b><br \/>\n<\/b>Las personas son el mejor diferenciador entre las organizaciones, son el negocio. La escasez de talento cualificado derivada de la explosi\u00f3n de los avances tecnol\u00f3gicos est\u00e1 exigiendo enfoques m\u00e1s detallados y anal\u00edticos a las t\u00e9cnicas de recursos humanos que contribuyen a gestionar la oferta y demanda del mercado de trabajo.<\/p>\n<p><strong>El desaf\u00edo m\u00e1s importante es identificar:<\/strong><\/p>\n<p>\u2013 Qu\u00e9 personas pueden hoy y ma\u00f1ana rendir mejor<br \/>\n\u2013 D\u00f3nde encontrar los conocimientos y habilidades requeridos m\u00e1s r\u00e1pidamente<br \/>\n\u2013 El talento actual y el desarrollable del capital humano existente para servir a los requerimientos del empleador.<\/p>\n<p>Un proceso de reclutamiento y selecci\u00f3n eficaz es clave para el \u00e9xito en los negocios.<br \/>\nSin el talento adecuado dif\u00edcilmente se puede liderar una organizaci\u00f3n hacia la misi\u00f3n pretendida.<\/p>\n<p>El\u00a0curso\u00a0est\u00e1 destinado a estudiantes de la Facultad de Ciencias Econ\u00f3micas, emprendedores y empresarios. El costo del mismo es\u00a0de\u00a0$1200. Hasta el mi\u00e9rcoles 30 de Agosto, abonar\u00e1n con descuento por pago anticipado, la suma\u00a0de\u00a0$1100.<\/p>\n<table width=\"765\">\n<tbody>\n<tr>\n<td width=\"204\">Estudiantes<br \/>\nde la FACE<\/td>\n<td width=\"204\">Estudiantes de Posgrado<\/td>\n<td width=\"204\">Docentes de la FACE<\/td>\n<\/tr>\n<tr>\n<td width=\"204\">50% descuento<\/td>\n<td width=\"204\">30% descuento<\/td>\n<td width=\"204\">40% descuento<\/td>\n<\/tr>\n<\/tbody>\n<\/table>\n<p>Las inscripciones se realizan on-line:\u00a0<a href=\"http:\/\/bit.ly\/entrevista-competencia-2017\" target=\"_blank\">http:\/\/bit.ly\/entrevista-competencia-2017<\/a><\/p>\n<p>Por informes y por pago del arancel, los interesados pueden dirigirse a la <strong>Asociaci\u00f3n Cooperadora\u00a0de\u00a0la Facultad<\/strong>,\u00a0de\u00a0<strong>lunes a viernes\u00a0de\u00a08 a 12 horas y\u00a0de\u00a016 a 19:30 horas<\/strong>. Tambi\u00e9n pueden llamar al tel\u00e9fono 4107557 o enviar un correo electr\u00f3nico a\u00a0<a href=\"mailto:insadmi@face.unt.edu.ar\" target=\"_blank\">insadmi@face.unt.edu.ar<\/a><\/p>\n<p>&nbsp;<\/p>\n<p><a href=\"http:\/\/face.unt.edu.ar\/web\/wp-content\/uploads\/2017\/08\/2-Flyer-Entrevista-por-Competencias-2017-08-1.jpg\"><img decoding=\"async\" loading=\"lazy\" class=\"size-large wp-image-5704 aligncenter\" src=\"http:\/\/face.unt.edu.ar\/web\/wp-content\/uploads\/2017\/08\/2-Flyer-Entrevista-por-Competencias-2017-08-1-614x1024.jpg\" alt=\"2-Flyer-Entrevista-por-Competencias-2017-08-1\" width=\"614\" height=\"1024\" srcset=\"https:\/\/face.unt.edu.ar\/web\/wp-content\/uploads\/2017\/08\/2-Flyer-Entrevista-por-Competencias-2017-08-1-614x1024.jpg 614w, https:\/\/face.unt.edu.ar\/web\/wp-content\/uploads\/2017\/08\/2-Flyer-Entrevista-por-Competencias-2017-08-1-180x300.jpg 180w, https:\/\/face.unt.edu.ar\/web\/wp-content\/uploads\/2017\/08\/2-Flyer-Entrevista-por-Competencias-2017-08-1-768x1280.jpg 768w, https:\/\/face.unt.edu.ar\/web\/wp-content\/uploads\/2017\/08\/2-Flyer-Entrevista-por-Competencias-2017-08-1.jpg 900w\" sizes=\"(max-width: 614px) 100vw, 614px\" \/><\/a><\/p>\n","protected":false},"excerpt":{"rendered":"<p>La Facultad de Ciencias Econ\u00f3micas de la UNT, invita a participar de Curso de\u00a0Extensi\u00f3n\u00a0\u201cEl Proceso de Selecci\u00f3n: la Entrevista por Competencia\u201d,\u00a0que estar\u00e1 a cargo de la\u00a0Psic Espe. Florencia Villaverde, docente \u00a0de\u00a0la C\u00e1tedra Comportamiento Organizacional\u00a0de\u00a0la Facultad\u00a0de\u00a0Ciencias Econ\u00f3micas. Se desarrollar\u00e1 en cuatro encuentros los d\u00edas\u00a04, 6, 11 y 13 de Septiembre,\u00a0de\u00a018:30 a 21:30 horas Las personas son [&hellip;]<\/p>\n","protected":false},"author":3,"featured_media":5703,"comment_status":"open","ping_status":"open","sticky":false,"template":"","format":"standard","meta":{"_et_pb_use_builder":"","_et_pb_old_content":"","_et_gb_content_width":"","footnotes":""},"categories":[4],"tags":[],"_links":{"self":[{"href":"https:\/\/face.unt.edu.ar\/web\/wp-json\/wp\/v2\/posts\/5700"}],"collection":[{"href":"https:\/\/face.unt.edu.ar\/web\/wp-json\/wp\/v2\/posts"}],"about":[{"href":"https:\/\/face.unt.edu.ar\/web\/wp-json\/wp\/v2\/types\/post"}],"author":[{"embeddable":true,"href":"https:\/\/face.unt.edu.ar\/web\/wp-json\/wp\/v2\/users\/3"}],"replies":[{"embeddable":true,"href":"https:\/\/face.unt.edu.ar\/web\/wp-json\/wp\/v2\/comments?post=5700"}],"version-history":[{"count":3,"href":"https:\/\/face.unt.edu.ar\/web\/wp-json\/wp\/v2\/posts\/5700\/revisions"}],"predecessor-version":[{"id":5706,"href":"https:\/\/face.unt.edu.ar\/web\/wp-json\/wp\/v2\/posts\/5700\/revisions\/5706"}],"wp:featuredmedia":[{"embeddable":true,"href":"https:\/\/face.unt.edu.ar\/web\/wp-json\/wp\/v2\/media\/5703"}],"wp:attachment":[{"href":"https:\/\/face.unt.edu.ar\/web\/wp-json\/wp\/v2\/media?parent=5700"}],"wp:term":[{"taxonomy":"category","embeddable":true,"href":"https:\/\/face.unt.edu.ar\/web\/wp-json\/wp\/v2\/categories?post=5700"},{"taxonomy":"post_tag","embeddable":true,"href":"https:\/\/face.unt.edu.ar\/web\/wp-json\/wp\/v2\/tags?post=5700"}],"curies":[{"name":"wp","href":"https:\/\/api.w.org\/{rel}","templated":true}]}}