{"id":5709,"date":"2017-08-24T16:41:30","date_gmt":"2017-08-24T16:41:30","guid":{"rendered":"http:\/\/face.unt.edu.ar\/web\/?p=5709"},"modified":"2017-08-24T16:42:23","modified_gmt":"2017-08-24T16:42:23","slug":"se-acercan-las-vii-jornadas-de-convivencia-de-la-licenciatura-en-administracion","status":"publish","type":"post","link":"https:\/\/face.unt.edu.ar\/web\/blog\/se-acercan-las-vii-jornadas-de-convivencia-de-la-licenciatura-en-administracion\/","title":{"rendered":"Se acercan las VII Jornadas de Convivencia de la Licenciatura en Administraci\u00f3n"},"content":{"rendered":"<p>El pr\u00f3ximo s\u00e1bado 26 de agosto de 9 a 17 horas, alumnos y docentes de la carrera Licenciatura en Administraci\u00f3n revivir\u00e1n\u00a0las Jornadas de Convivencia, en \u00e9sta, su s\u00e9ptima edici\u00f3n. El encuentro ser\u00e1 en las instalaciones de nuestra facultad, \u00a0en el horario de 9 a 17 horas.<\/p>\n<p>Las VII Jornadas de Convivencia de la Licenciatura en Administraci\u00f3n, son organizadas por el Instituto de Administraci\u00f3n de la Facultad de Ciencias Econ\u00f3micas de la UNT. Constan de charlas y actividades recreativas\u00a0 de integraci\u00f3n destinadas a docentes y alumnos de la carrera de la Licenciatura en Administraci\u00f3n.<\/p>\n<p>Los alumnos que deseen participar deber\u00e1n abonar $150, mientras que el costo para docentes es de\u00a0$200.<\/p>\n<p>Las inscripciones pueden realizarse en el siguiente link:<br \/>\n<a href=\"http:\/\/bit.ly\/jornadas-convivencia-2017\">http:\/\/bit.ly\/jornadas-convivencia-2016<\/a><\/p>\n<p>Por mayores informes, los interesados pueden dirigirse a la oficina 28, de lunes a viernes, de 8 a 13 horas, y los d\u00edas lunes, mi\u00e9rcoles y viernes de 17 a 20 horas. Tambi\u00e9n pueden contactarse v\u00eda mail a insadmi@face.unt.edu.ar o por tel\u00e9fono al 4107557<\/p>\n<p><a href=\"http:\/\/face.unt.edu.ar\/web\/wp-content\/uploads\/2017\/08\/IMG-20170815-WA0023.jpg\"><img decoding=\"async\" loading=\"lazy\" class=\"aligncenter wp-image-5714 size-medium\" src=\"http:\/\/face.unt.edu.ar\/web\/wp-content\/uploads\/2017\/08\/IMG-20170815-WA0023-261x300.jpg\" alt=\"IMG-20170815-WA0023\" width=\"261\" height=\"300\" srcset=\"https:\/\/face.unt.edu.ar\/web\/wp-content\/uploads\/2017\/08\/IMG-20170815-WA0023-261x300.jpg 261w, https:\/\/face.unt.edu.ar\/web\/wp-content\/uploads\/2017\/08\/IMG-20170815-WA0023-768x883.jpg 768w, https:\/\/face.unt.edu.ar\/web\/wp-content\/uploads\/2017\/08\/IMG-20170815-WA0023-890x1024.jpg 890w, https:\/\/face.unt.edu.ar\/web\/wp-content\/uploads\/2017\/08\/IMG-20170815-WA0023.jpg 1113w\" sizes=\"(max-width: 261px) 100vw, 261px\" \/><\/a><\/p>\n","protected":false},"excerpt":{"rendered":"<p>El pr\u00f3ximo s\u00e1bado 26 de agosto de 9 a 17 horas, alumnos y docentes de la carrera Licenciatura en Administraci\u00f3n revivir\u00e1n\u00a0las Jornadas de Convivencia, en \u00e9sta, su s\u00e9ptima edici\u00f3n. El encuentro ser\u00e1 en las instalaciones de nuestra facultad, \u00a0en el horario de 9 a 17 horas. Las VII Jornadas de Convivencia de la Licenciatura en [&hellip;]<\/p>\n","protected":false},"author":3,"featured_media":5712,"comment_status":"open","ping_status":"open","sticky":false,"template":"","format":"standard","meta":{"_et_pb_use_builder":"","_et_pb_old_content":"","_et_gb_content_width":"","footnotes":""},"categories":[4],"tags":[],"_links":{"self":[{"href":"https:\/\/face.unt.edu.ar\/web\/wp-json\/wp\/v2\/posts\/5709"}],"collection":[{"href":"https:\/\/face.unt.edu.ar\/web\/wp-json\/wp\/v2\/posts"}],"about":[{"href":"https:\/\/face.unt.edu.ar\/web\/wp-json\/wp\/v2\/types\/post"}],"author":[{"embeddable":true,"href":"https:\/\/face.unt.edu.ar\/web\/wp-json\/wp\/v2\/users\/3"}],"replies":[{"embeddable":true,"href":"https:\/\/face.unt.edu.ar\/web\/wp-json\/wp\/v2\/comments?post=5709"}],"version-history":[{"count":6,"href":"https:\/\/face.unt.edu.ar\/web\/wp-json\/wp\/v2\/posts\/5709\/revisions"}],"predecessor-version":[{"id":5718,"href":"https:\/\/face.unt.edu.ar\/web\/wp-json\/wp\/v2\/posts\/5709\/revisions\/5718"}],"wp:featuredmedia":[{"embeddable":true,"href":"https:\/\/face.unt.edu.ar\/web\/wp-json\/wp\/v2\/media\/5712"}],"wp:attachment":[{"href":"https:\/\/face.unt.edu.ar\/web\/wp-json\/wp\/v2\/media?parent=5709"}],"wp:term":[{"taxonomy":"category","embeddable":true,"href":"https:\/\/face.unt.edu.ar\/web\/wp-json\/wp\/v2\/categories?post=5709"},{"taxonomy":"post_tag","embeddable":true,"href":"https:\/\/face.unt.edu.ar\/web\/wp-json\/wp\/v2\/tags?post=5709"}],"curies":[{"name":"wp","href":"https:\/\/api.w.org\/{rel}","templated":true}]}}