{"id":5723,"date":"2017-08-28T23:01:21","date_gmt":"2017-08-28T23:01:21","guid":{"rendered":"http:\/\/face.unt.edu.ar\/web\/?p=5723"},"modified":"2017-08-28T23:02:28","modified_gmt":"2017-08-28T23:02:28","slug":"reunion-de-discusion-del-instituto-de-administracion","status":"publish","type":"post","link":"https:\/\/face.unt.edu.ar\/web\/blog\/reunion-de-discusion-del-instituto-de-administracion\/","title":{"rendered":"Reuni\u00f3n de Discusi\u00f3n del Instituto de Administraci\u00f3n"},"content":{"rendered":"<p>El Instituto de Administraci\u00f3n de la Facultad de Ciencias Econ\u00f3micas invita a participar de la Reuni\u00f3n de Discusi\u00f3n que se realizar\u00e1 ma\u00f1ana, martes 29 de Agosto, a las 18:30 horas, en el Aula 15 de nuestra Facultad.<\/p>\n<p>El tema del encuentro ser\u00e1: <strong>\u201cThe effect of lack of information in social programs participation\u201d, a cargo de la Ms. Cecilia D\u00edaz Campo (UNT \u2013 University of Western Ontario).<\/strong><\/p>\n<p><a href=\"https:\/\/drive.google.com\/a\/face.unt.edu.ar\/file\/d\/0BwZE7DzLP04YdldYWl92YmdXQXF4UnczMWdJcXVvZzBCd0c0\/view?usp=sharing\" target=\"_blank\">Se adjunta resumen del trabajo &#8211; Click aqu\u00ed<\/a><\/p>\n<p>&nbsp;<\/p>\n","protected":false},"excerpt":{"rendered":"<p>El Instituto de Administraci\u00f3n de la Facultad de Ciencias Econ\u00f3micas invita a participar de la Reuni\u00f3n de Discusi\u00f3n que se realizar\u00e1 ma\u00f1ana, martes 29 de Agosto, a las 18:30 horas, en el Aula 15 de nuestra Facultad. El tema del encuentro ser\u00e1: \u201cThe effect of lack of information in social programs participation\u201d, a cargo de [&hellip;]<\/p>\n","protected":false},"author":2,"featured_media":5724,"comment_status":"open","ping_status":"open","sticky":false,"template":"","format":"standard","meta":{"_et_pb_use_builder":"","_et_pb_old_content":"","_et_gb_content_width":"","footnotes":""},"categories":[4],"tags":[],"_links":{"self":[{"href":"https:\/\/face.unt.edu.ar\/web\/wp-json\/wp\/v2\/posts\/5723"}],"collection":[{"href":"https:\/\/face.unt.edu.ar\/web\/wp-json\/wp\/v2\/posts"}],"about":[{"href":"https:\/\/face.unt.edu.ar\/web\/wp-json\/wp\/v2\/types\/post"}],"author":[{"embeddable":true,"href":"https:\/\/face.unt.edu.ar\/web\/wp-json\/wp\/v2\/users\/2"}],"replies":[{"embeddable":true,"href":"https:\/\/face.unt.edu.ar\/web\/wp-json\/wp\/v2\/comments?post=5723"}],"version-history":[{"count":2,"href":"https:\/\/face.unt.edu.ar\/web\/wp-json\/wp\/v2\/posts\/5723\/revisions"}],"predecessor-version":[{"id":5727,"href":"https:\/\/face.unt.edu.ar\/web\/wp-json\/wp\/v2\/posts\/5723\/revisions\/5727"}],"wp:featuredmedia":[{"embeddable":true,"href":"https:\/\/face.unt.edu.ar\/web\/wp-json\/wp\/v2\/media\/5724"}],"wp:attachment":[{"href":"https:\/\/face.unt.edu.ar\/web\/wp-json\/wp\/v2\/media?parent=5723"}],"wp:term":[{"taxonomy":"category","embeddable":true,"href":"https:\/\/face.unt.edu.ar\/web\/wp-json\/wp\/v2\/categories?post=5723"},{"taxonomy":"post_tag","embeddable":true,"href":"https:\/\/face.unt.edu.ar\/web\/wp-json\/wp\/v2\/tags?post=5723"}],"curies":[{"name":"wp","href":"https:\/\/api.w.org\/{rel}","templated":true}]}}