{"id":5753,"date":"2017-09-05T15:49:09","date_gmt":"2017-09-05T15:49:09","guid":{"rendered":"http:\/\/face.unt.edu.ar\/web\/?p=5753"},"modified":"2017-09-05T15:55:00","modified_gmt":"2017-09-05T15:55:00","slug":"muestra-de-microemprendimientos-para-el-nivel-secundario-2017","status":"publish","type":"post","link":"https:\/\/face.unt.edu.ar\/web\/blog\/muestra-de-microemprendimientos-para-el-nivel-secundario-2017\/","title":{"rendered":"Muestra de Microemprendimientos para el  Nivel Secundario 2017"},"content":{"rendered":"<p>La Muestra de Microemprendimientos para el \u00a0Nivel Secundario 2017 se realizar\u00e1 el 13 de Octubre de 10:00 a 13:00 horas, en la Facultad de Ciencias econ\u00f3micas, Av. Independencia 1900.<\/p>\n<p>En este caso podr\u00e1n participar estudiantes que se encuentren desarrollando Proyectos de Microemprendimientos en una Instituci\u00f3n Educativa del Nivel Secundario. Cabe destacar que la muestra est\u00e1 destinada adem\u00e1s a j\u00f3venes emprendedores, estudiantes universtarios y p\u00fablico en general.<\/p>\n<p><em>\u00abLos organizadores de la actividad expresaron que es indiscutible la importancia del proceso de creaci\u00f3n de nuevas empresas para generar riqueza, disminuir la pobreza, la desocupaci\u00f3n y las desigualdades sociales.<br \/>\n<\/em><em>Poniendo el foco en los j\u00f3venes, la facultad de Ciencias Econ\u00f3micas viene realizando diferentes actividades de articulaci\u00f3n con instituciones del nivel secundario, este a\u00f1o 2017 se realizar\u00e1 la 1\u00b0 Muestra de microemprendimientos para el nivel secundario con el prop\u00f3sito de generar y promover el esp\u00edritu emprendedor, de forjar un <\/em>espacio en el que estudiantes emprendedores tengan la oportunidad de conocer las distintas iniciativas de sus pares y formar parte de un ambiente apto para fortalecer lazos de comunicaci\u00f3n e intercambio\u00bb.<\/p>\n<p><strong><em>Para participar en la 1\u00b0 muestra: <\/em><\/strong>Los establecimientos educativos deber\u00e1n completar y enviar un formulario hasta el d\u00eda 9 de septiembre del corriente a\u00f1o.<\/p>\n<p>El comit\u00e9 organizador seleccionar\u00e1 los proyectos para ser expuestos en la muestra, y ser\u00e1n notificados los docentes responsables hasta el 20 de Septiembre para que preparen la exhibici\u00f3n de sus microemprendimientos.<\/p>\n<p>Por m\u00e1s informaci\u00f3n, pueden contactarse a la Secretar\u00eda de Extensi\u00f3n: <a href=\"mailto:articulacionsecundarios@face.unt.edu.ar\"><strong>articulacionsecundarios@face.unt.edu.ar<\/strong><\/a><\/p>\n<p>&nbsp;<\/p>\n<p>Cabe destacar que la actividad es organizada por la Secretar\u00eda de Extensi\u00f3n de la Facultad de Ciencias Econ\u00f3micas de la UNT.<\/p>\n<p>&nbsp;<\/p>\n","protected":false},"excerpt":{"rendered":"<p>La Muestra de Microemprendimientos para el \u00a0Nivel Secundario 2017 se realizar\u00e1 el 13 de Octubre de 10:00 a 13:00 horas, en la Facultad de Ciencias econ\u00f3micas, Av. Independencia 1900. En este caso podr\u00e1n participar estudiantes que se encuentren desarrollando Proyectos de Microemprendimientos en una Instituci\u00f3n Educativa del Nivel Secundario. Cabe destacar que la muestra est\u00e1 [&hellip;]<\/p>\n","protected":false},"author":2,"featured_media":5754,"comment_status":"open","ping_status":"open","sticky":false,"template":"","format":"standard","meta":{"_et_pb_use_builder":"","_et_pb_old_content":"","_et_gb_content_width":"","footnotes":""},"categories":[4],"tags":[],"_links":{"self":[{"href":"https:\/\/face.unt.edu.ar\/web\/wp-json\/wp\/v2\/posts\/5753"}],"collection":[{"href":"https:\/\/face.unt.edu.ar\/web\/wp-json\/wp\/v2\/posts"}],"about":[{"href":"https:\/\/face.unt.edu.ar\/web\/wp-json\/wp\/v2\/types\/post"}],"author":[{"embeddable":true,"href":"https:\/\/face.unt.edu.ar\/web\/wp-json\/wp\/v2\/users\/2"}],"replies":[{"embeddable":true,"href":"https:\/\/face.unt.edu.ar\/web\/wp-json\/wp\/v2\/comments?post=5753"}],"version-history":[{"count":3,"href":"https:\/\/face.unt.edu.ar\/web\/wp-json\/wp\/v2\/posts\/5753\/revisions"}],"predecessor-version":[{"id":5758,"href":"https:\/\/face.unt.edu.ar\/web\/wp-json\/wp\/v2\/posts\/5753\/revisions\/5758"}],"wp:featuredmedia":[{"embeddable":true,"href":"https:\/\/face.unt.edu.ar\/web\/wp-json\/wp\/v2\/media\/5754"}],"wp:attachment":[{"href":"https:\/\/face.unt.edu.ar\/web\/wp-json\/wp\/v2\/media?parent=5753"}],"wp:term":[{"taxonomy":"category","embeddable":true,"href":"https:\/\/face.unt.edu.ar\/web\/wp-json\/wp\/v2\/categories?post=5753"},{"taxonomy":"post_tag","embeddable":true,"href":"https:\/\/face.unt.edu.ar\/web\/wp-json\/wp\/v2\/tags?post=5753"}],"curies":[{"name":"wp","href":"https:\/\/api.w.org\/{rel}","templated":true}]}}