{"id":5759,"date":"2017-09-05T19:00:42","date_gmt":"2017-09-05T19:00:42","guid":{"rendered":"http:\/\/face.unt.edu.ar\/web\/?p=5759"},"modified":"2017-09-05T16:02:50","modified_gmt":"2017-09-05T16:02:50","slug":"conferencia-gestion-de-procesos-y-control-de-gestion-en-gasnor","status":"publish","type":"post","link":"https:\/\/face.unt.edu.ar\/web\/blog\/conferencia-gestion-de-procesos-y-control-de-gestion-en-gasnor\/","title":{"rendered":"Conferencia: Gesti\u00f3n de Procesos y Control de Gesti\u00f3n en Gasnor"},"content":{"rendered":"<p>Este <strong>jueves 7 de Septiembre<\/strong> tendr\u00e1 lugar en nuestra Facultad la Conferencia:\u00a0<strong>Gesti\u00f3n de Procesos y Control de Gesti\u00f3n en Gasnor, <\/strong>que estar\u00e1 a cargo del Ing. Gabriel Temkin.<br \/>\nSer\u00e1 de <strong>17:00 a 18:00 horas <\/strong>en el Aula 11 de nuestra Facultad.<\/p>\n<p>La conferencia es organizada por la C\u00e1tedra Contabilidad Gerencial y Control de Gesti\u00f3n, del Instituto de Administraci\u00f3n de esta Casa de Estudios.<\/p>\n<p>&nbsp;<\/p>\n<p><a href=\"http:\/\/face.unt.edu.ar\/web\/wp-content\/uploads\/2017\/09\/unnamed.jpg\"><img decoding=\"async\" loading=\"lazy\" class=\"alignnone size-medium wp-image-5760\" src=\"http:\/\/face.unt.edu.ar\/web\/wp-content\/uploads\/2017\/09\/unnamed-225x300.jpg\" alt=\"unnamed\" width=\"225\" height=\"300\" srcset=\"https:\/\/face.unt.edu.ar\/web\/wp-content\/uploads\/2017\/09\/unnamed-225x300.jpg 225w, https:\/\/face.unt.edu.ar\/web\/wp-content\/uploads\/2017\/09\/unnamed.jpg 662w\" sizes=\"(max-width: 225px) 100vw, 225px\" \/><\/a><\/p>\n","protected":false},"excerpt":{"rendered":"<p>Este jueves 7 de Septiembre tendr\u00e1 lugar en nuestra Facultad la Conferencia:\u00a0Gesti\u00f3n de Procesos y Control de Gesti\u00f3n en Gasnor, que estar\u00e1 a cargo del Ing. Gabriel Temkin. Ser\u00e1 de 17:00 a 18:00 horas en el Aula 11 de nuestra Facultad. La conferencia es organizada por la C\u00e1tedra Contabilidad Gerencial y Control de Gesti\u00f3n, del [&hellip;]<\/p>\n","protected":false},"author":2,"featured_media":5761,"comment_status":"open","ping_status":"open","sticky":false,"template":"","format":"standard","meta":{"_et_pb_use_builder":"","_et_pb_old_content":"","_et_gb_content_width":"","footnotes":""},"categories":[4],"tags":[],"_links":{"self":[{"href":"https:\/\/face.unt.edu.ar\/web\/wp-json\/wp\/v2\/posts\/5759"}],"collection":[{"href":"https:\/\/face.unt.edu.ar\/web\/wp-json\/wp\/v2\/posts"}],"about":[{"href":"https:\/\/face.unt.edu.ar\/web\/wp-json\/wp\/v2\/types\/post"}],"author":[{"embeddable":true,"href":"https:\/\/face.unt.edu.ar\/web\/wp-json\/wp\/v2\/users\/2"}],"replies":[{"embeddable":true,"href":"https:\/\/face.unt.edu.ar\/web\/wp-json\/wp\/v2\/comments?post=5759"}],"version-history":[{"count":1,"href":"https:\/\/face.unt.edu.ar\/web\/wp-json\/wp\/v2\/posts\/5759\/revisions"}],"predecessor-version":[{"id":5762,"href":"https:\/\/face.unt.edu.ar\/web\/wp-json\/wp\/v2\/posts\/5759\/revisions\/5762"}],"wp:featuredmedia":[{"embeddable":true,"href":"https:\/\/face.unt.edu.ar\/web\/wp-json\/wp\/v2\/media\/5761"}],"wp:attachment":[{"href":"https:\/\/face.unt.edu.ar\/web\/wp-json\/wp\/v2\/media?parent=5759"}],"wp:term":[{"taxonomy":"category","embeddable":true,"href":"https:\/\/face.unt.edu.ar\/web\/wp-json\/wp\/v2\/categories?post=5759"},{"taxonomy":"post_tag","embeddable":true,"href":"https:\/\/face.unt.edu.ar\/web\/wp-json\/wp\/v2\/tags?post=5759"}],"curies":[{"name":"wp","href":"https:\/\/api.w.org\/{rel}","templated":true}]}}