{"id":5797,"date":"2017-09-14T14:44:28","date_gmt":"2017-09-14T14:44:28","guid":{"rendered":"http:\/\/face.unt.edu.ar\/web\/?p=5797"},"modified":"2017-09-14T14:44:59","modified_gmt":"2017-09-14T14:44:59","slug":"curso-de-extension-herramientas-de-gestion-y-colaboracion-en-la-nube","status":"publish","type":"post","link":"https:\/\/face.unt.edu.ar\/web\/blog\/curso-de-extension-herramientas-de-gestion-y-colaboracion-en-la-nube\/","title":{"rendered":"Curso de Extensi\u00f3n: Herramientas de Gesti\u00f3n y Colaboraci\u00f3n en la Nube"},"content":{"rendered":"<p>A partir del 25 de Septiembre\u00a0 se dictar\u00e1 el<strong>\u00a0<\/strong>Curso\u00a0de\u00a0Extensi\u00f3n\u00a0<strong>\u201cHerramientas de Gesti\u00f3n\u00a0y Colaboraci\u00f3n\u00a0en la Nube\u201d<\/strong>, que estar\u00e1 a cargo de los docentes\u00a0<strong>Lic. Mar\u00eda Fernanda Rodr\u00edguez y CPN Marcelo La Marca<\/strong>\u00a0de\u00a0la C\u00e1tedra Sistema de Informaci\u00f3n I\u00a0de\u00a0la Facultad\u00a0de\u00a0Ciencias Econ\u00f3micas.<\/p>\n<p>Se desarrollar\u00e1 en seis\u00a0encuentros, los d\u00edas\u00a025 y 27\u00a0<strong>\u00a0de Septiembre y \u00a02, 4, 9 y 11 de octubre de\u00a018:30 a 21:30 horas.<\/strong><\/p>\n<p>El\u00a0curso\u00a0est\u00e1 destinado a estudiantes de la Facultad de Ciencias Econ\u00f3micas, emprendedores y empresarios. El costo del mismo es\u00a0de\u00a0$1500. Hasta el mi\u00e9rcoles 20 de Septiembre, abonar\u00e1n con descuento por pago anticipado, la suma\u00a0de\u00a0$1350.<\/p>\n<table width=\"765\">\n<tbody>\n<tr>\n<td width=\"204\">Estudiantes<br \/>\nde la FACE<\/td>\n<td width=\"204\">Estudiantes de Posgrado<\/td>\n<td width=\"204\">Docentes y Personal de Apoyo de la FACE<\/td>\n<\/tr>\n<tr>\n<td width=\"204\">50% descuento<\/td>\n<td width=\"204\">30% descuento<\/td>\n<td width=\"204\">40% descuento<\/td>\n<\/tr>\n<\/tbody>\n<\/table>\n<p>Las inscripciones se realizan on-line:\u00a0<a href=\"https:\/\/docs.google.com\/forms\/d\/e\/1FAIpQLSd1XSq-6l_VIVQ37deGViOlo17-bhbxk3jFPTejOsdlZUInqg\/viewform\" target=\"_blank\">http:\/\/bit.ly\/herramientas-nube-2017<\/a><\/p>\n<p>Por informes y por pago del arancel, los interesados pueden dirigirse a la Asociaci\u00f3n Cooperadora\u00a0de\u00a0la Facultad,\u00a0de\u00a0lunes a viernes\u00a0de\u00a08 a 12 horas y\u00a0de\u00a016 a 19:30 horas. Tambi\u00e9n pueden llamar al tel\u00e9fono 4107557 o enviar un correo electr\u00f3nico a\u00a0<a href=\"mailto:insadmi@face.unt.edu.ar\" target=\"_blank\">insadmi@face.unt.edu.ar<\/a><\/p>\n<p><strong>Fundamentaci\u00f3n<\/strong><\/p>\n<p>La evoluci\u00f3n de la tecnolog\u00eda web en el \u00e1mbito del almacenamiento remoto ha dado paso a nuevas aplicaciones de gesti\u00f3n colaborativa, que empleadas en cualquier tipo de entornos laborales proponen interesantes formas de interacci\u00f3n y ha propuesto un cambio de modelo para much\u00edsimas empresas de diversos sectores, permiti\u00e9ndoles agilizar los procesos, reducir los costes y mejorar los resultados.<\/p>\n<p>En la era digital constantemente se incorporan\u00a0a la web una serie de servicios y recursos que contribuyeron a un interesante cambio en la forma de vincularnos con la informaci\u00f3n, el conocimiento, y nuestros pares, sobre todo cuando se trata de hacerlo a distancia<\/p>\n<p><strong>Contenidos<\/strong><\/p>\n<ol>\n<li>Introducci\u00f3n a Internet<\/li>\n<li>Cloud Computing<\/li>\n<li>Sistemas Colaborativo. Teletrabajo.<\/li>\n<li>Repositorio de Archivos y Documentos<\/li>\n<li>Dropbox<\/li>\n<li>Soluciones de google: Gmail \u2013 Google Drive<\/li>\n<li>Google Docs: Documentos de texto en la nube<\/li>\n<li>Google Sheets: Planilla de c\u00e1lculo en la nube<\/li>\n<li>Google Forms: Formularios y encuestas en la nube<\/li>\n<li>Otras herramientas de google: Google Slides (Presentaciones de Google) y Google Calendar (Calendario de Google).<\/li>\n<li>Herramientas de gesti\u00f3n colaborativa para la administraci\u00f3n de proyectos y de tareas en la nube.<\/li>\n<li>Redes sociales en el \u00e1mbito organizacional colaborativo.<\/li>\n<\/ol>\n<p>&nbsp;<\/p>\n","protected":false},"excerpt":{"rendered":"<p>A partir del 25 de Septiembre\u00a0 se dictar\u00e1 el\u00a0Curso\u00a0de\u00a0Extensi\u00f3n\u00a0\u201cHerramientas de Gesti\u00f3n\u00a0y Colaboraci\u00f3n\u00a0en la Nube\u201d, que estar\u00e1 a cargo de los docentes\u00a0Lic. Mar\u00eda Fernanda Rodr\u00edguez y CPN Marcelo La Marca\u00a0de\u00a0la C\u00e1tedra Sistema de Informaci\u00f3n I\u00a0de\u00a0la Facultad\u00a0de\u00a0Ciencias Econ\u00f3micas. Se desarrollar\u00e1 en seis\u00a0encuentros, los d\u00edas\u00a025 y 27\u00a0\u00a0de Septiembre y \u00a02, 4, 9 y 11 de octubre de\u00a018:30 a [&hellip;]<\/p>\n","protected":false},"author":2,"featured_media":5799,"comment_status":"open","ping_status":"open","sticky":false,"template":"","format":"standard","meta":{"_et_pb_use_builder":"","_et_pb_old_content":"","_et_gb_content_width":"","footnotes":""},"categories":[4],"tags":[],"_links":{"self":[{"href":"https:\/\/face.unt.edu.ar\/web\/wp-json\/wp\/v2\/posts\/5797"}],"collection":[{"href":"https:\/\/face.unt.edu.ar\/web\/wp-json\/wp\/v2\/posts"}],"about":[{"href":"https:\/\/face.unt.edu.ar\/web\/wp-json\/wp\/v2\/types\/post"}],"author":[{"embeddable":true,"href":"https:\/\/face.unt.edu.ar\/web\/wp-json\/wp\/v2\/users\/2"}],"replies":[{"embeddable":true,"href":"https:\/\/face.unt.edu.ar\/web\/wp-json\/wp\/v2\/comments?post=5797"}],"version-history":[{"count":2,"href":"https:\/\/face.unt.edu.ar\/web\/wp-json\/wp\/v2\/posts\/5797\/revisions"}],"predecessor-version":[{"id":5801,"href":"https:\/\/face.unt.edu.ar\/web\/wp-json\/wp\/v2\/posts\/5797\/revisions\/5801"}],"wp:featuredmedia":[{"embeddable":true,"href":"https:\/\/face.unt.edu.ar\/web\/wp-json\/wp\/v2\/media\/5799"}],"wp:attachment":[{"href":"https:\/\/face.unt.edu.ar\/web\/wp-json\/wp\/v2\/media?parent=5797"}],"wp:term":[{"taxonomy":"category","embeddable":true,"href":"https:\/\/face.unt.edu.ar\/web\/wp-json\/wp\/v2\/categories?post=5797"},{"taxonomy":"post_tag","embeddable":true,"href":"https:\/\/face.unt.edu.ar\/web\/wp-json\/wp\/v2\/tags?post=5797"}],"curies":[{"name":"wp","href":"https:\/\/api.w.org\/{rel}","templated":true}]}}