{"id":5803,"date":"2017-09-19T13:54:25","date_gmt":"2017-09-19T13:54:25","guid":{"rendered":"http:\/\/face.unt.edu.ar\/web\/?p=5803"},"modified":"2017-09-19T13:55:05","modified_gmt":"2017-09-19T13:55:05","slug":"conferencia-abierta-sobre-extension-universitaria","status":"publish","type":"post","link":"https:\/\/face.unt.edu.ar\/web\/blog\/conferencia-abierta-sobre-extension-universitaria\/","title":{"rendered":"Conferencia abierta sobre Extensi\u00f3n Universitaria"},"content":{"rendered":"<p>Se invita a toda la comunidad universitaria a la conferencia abierta \u201c\u00bfPorqu\u00e9 todos hablamos hoy de integralidad de funciones y curricularizaci\u00f3n de la Extensi\u00f3n Universitaria? Compromiso Social de la Universidad. Avances y Perspectivas\u201d, a cargo del Dr. Daniel De Michele Secretario de Extensi\u00f3n Universitaria de la Universidad Nacional de Entre R\u00edos. La misma se llevar\u00e1 a cabo el viernes 22 de setiembre a 9.30 hs. En el auditorio del Centro Cultural Virla.<\/p>\n<p>La conferencia es organizada en el marco del III Seminario de Formaci\u00f3n Continua en Extensi\u00f3n Universitaria \u00abFundamentos y Metodolog\u00eda de la praxis extensionista, en el di\u00e1logo de saberes Universidad &#8211; Comunidad\u00bb, que se realizar\u00e1 este viernes 22 de Septiembre, desde las 9:30 horas, en el Centro Cultural Virla &#8211; 25 de Mayo \u00a0265.<\/p>\n<p>Cabe destacar que la conferencia cuenta con el auspicio de la red REXUNI y la Uni\u00f3n Latinoamericana de Extensi\u00f3n Universitaria y est\u00e1 organizada por la Secretaria de Extensi\u00f3n Universitaria y la Secretaria de Pol\u00edticas Universitarias de la Universidad Nacional de Tucum\u00e1n, a trav\u00e9s del PUEDES y el CENTRO DE CAPACITACION UNT.<\/p>\n<p>&nbsp;<\/p>\n<p>&nbsp;<\/p>\n","protected":false},"excerpt":{"rendered":"<p>Se invita a toda la comunidad universitaria a la conferencia abierta \u201c\u00bfPorqu\u00e9 todos hablamos hoy de integralidad de funciones y curricularizaci\u00f3n de la Extensi\u00f3n Universitaria? Compromiso Social de la Universidad. Avances y Perspectivas\u201d, a cargo del Dr. Daniel De Michele Secretario de Extensi\u00f3n Universitaria de la Universidad Nacional de Entre R\u00edos. La misma se llevar\u00e1 [&hellip;]<\/p>\n","protected":false},"author":2,"featured_media":5805,"comment_status":"open","ping_status":"open","sticky":false,"template":"","format":"standard","meta":{"_et_pb_use_builder":"","_et_pb_old_content":"","_et_gb_content_width":"","footnotes":""},"categories":[4],"tags":[],"_links":{"self":[{"href":"https:\/\/face.unt.edu.ar\/web\/wp-json\/wp\/v2\/posts\/5803"}],"collection":[{"href":"https:\/\/face.unt.edu.ar\/web\/wp-json\/wp\/v2\/posts"}],"about":[{"href":"https:\/\/face.unt.edu.ar\/web\/wp-json\/wp\/v2\/types\/post"}],"author":[{"embeddable":true,"href":"https:\/\/face.unt.edu.ar\/web\/wp-json\/wp\/v2\/users\/2"}],"replies":[{"embeddable":true,"href":"https:\/\/face.unt.edu.ar\/web\/wp-json\/wp\/v2\/comments?post=5803"}],"version-history":[{"count":2,"href":"https:\/\/face.unt.edu.ar\/web\/wp-json\/wp\/v2\/posts\/5803\/revisions"}],"predecessor-version":[{"id":5807,"href":"https:\/\/face.unt.edu.ar\/web\/wp-json\/wp\/v2\/posts\/5803\/revisions\/5807"}],"wp:featuredmedia":[{"embeddable":true,"href":"https:\/\/face.unt.edu.ar\/web\/wp-json\/wp\/v2\/media\/5805"}],"wp:attachment":[{"href":"https:\/\/face.unt.edu.ar\/web\/wp-json\/wp\/v2\/media?parent=5803"}],"wp:term":[{"taxonomy":"category","embeddable":true,"href":"https:\/\/face.unt.edu.ar\/web\/wp-json\/wp\/v2\/categories?post=5803"},{"taxonomy":"post_tag","embeddable":true,"href":"https:\/\/face.unt.edu.ar\/web\/wp-json\/wp\/v2\/tags?post=5803"}],"curies":[{"name":"wp","href":"https:\/\/api.w.org\/{rel}","templated":true}]}}