{"id":5868,"date":"2017-09-27T18:29:23","date_gmt":"2017-09-27T18:29:23","guid":{"rendered":"http:\/\/face.unt.edu.ar\/web\/?p=5868"},"modified":"2017-09-27T18:29:23","modified_gmt":"2017-09-27T18:29:23","slug":"docentes-de-la-face-participaron-de-la-produccion-de-un-libro-que-aborda-la-historia-de-tucuman","status":"publish","type":"post","link":"https:\/\/face.unt.edu.ar\/web\/blog\/docentes-de-la-face-participaron-de-la-produccion-de-un-libro-que-aborda-la-historia-de-tucuman\/","title":{"rendered":"Docentes de la FACE participaron de la producci\u00f3n de un libro que aborda la historia de Tucum\u00e1n"},"content":{"rendered":"<p>Se trata de la obra completa de <strong>\u00abHistorias de Tucum\u00e1n\u00bb<\/strong>, compuesta por \u00abHistorias de Municipios\u00bb e \u00abHistorias tem\u00e1ticas de Tucum\u00e1n\u00bb\u00a0 que se presentar\u00e1 este<strong> jueves 28 de septiembre<\/strong>, a las 11 horas, en el <strong>Teatro Mercedes Sosa.<\/strong><!--more--><\/p>\n<p>En la elaboraci\u00f3n del mismo, participaron docentes de la C\u00e1tedra de Historia Econ\u00f3mica de la Facultad de Ciencias Econ\u00f3micas e intervinieron en los siguientes tomos:<\/p>\n<p>La Salud: Instituciones, espacios y actores (coordinadora <strong>Maria Estela Fernandez<\/strong>)<\/p>\n<p>El Trabajo: Actores, protestas y derechos (coordinadora <strong>Paula Parolo<\/strong> y Florencia Gutierrez)<\/p>\n<p>El Asociacionismo Empresario: sociabilidad y pol\u00edtica (Coordinadora Maria Lenis, autoras Maria Lenis, <strong>Claudia Herrera<\/strong> y <strong>Alejandra Landaburu<\/strong>)<\/p>\n<p>Conformaci\u00f3n del sistema educativo en Tucum\u00e1n: Antecedentes, etapas, y agentes. Consensos y resistencias (Coordinadora Norma Ben Altabef) una de las autoras Alejandra Landaburu.<\/p>\n<p>Cabe destacar que el acto de presentaci\u00f3n ser\u00e1 encabezado por el Gobernador de la Provincia y\u00a0presidente del Ente Provincial del Bicentenario Tucum\u00e1n 2016, <strong>Dr. Juan Manzur.<\/strong><\/p>\n<p>Por su parte\u00a0el secretario de Gesti\u00f3n P\u00fablica, <strong>Dr.<\/strong>\u00a0<strong>Julio Saguir<\/strong>\u00a0agreg\u00f3 que \u00abEste trabajo, denominado Historias de Tucum\u00e1n, fue realizado por cincuenta historiadores tucumanos, coordinados por\u00a0<strong>Mar\u00eda Celia Bravo\u00a0<\/strong>y\u00a0<strong>Gabriela T\u00edo Vallejo;<\/strong> la intenci\u00f3n es saber de d\u00f3nde venimos para saber hacia d\u00f3nde podemos ir\u201d.<br \/>\n\u201cLa iniciativa que no tiene s\u00edmil en el pa\u00eds. Inici\u00f3 en mayo y culmina ahora. Es un orgullo mostrar este material\u201d, destac\u00f3.<\/p>\n","protected":false},"excerpt":{"rendered":"<p>Se trata de la obra completa de \u00abHistorias de Tucum\u00e1n\u00bb, compuesta por \u00abHistorias de Municipios\u00bb e \u00abHistorias tem\u00e1ticas de Tucum\u00e1n\u00bb\u00a0 que se presentar\u00e1 este jueves 28 de septiembre, a las 11 horas, en el Teatro Mercedes Sosa.<\/p>\n","protected":false},"author":3,"featured_media":5870,"comment_status":"open","ping_status":"open","sticky":false,"template":"","format":"standard","meta":{"_et_pb_use_builder":"","_et_pb_old_content":"","_et_gb_content_width":"","footnotes":""},"categories":[4],"tags":[],"_links":{"self":[{"href":"https:\/\/face.unt.edu.ar\/web\/wp-json\/wp\/v2\/posts\/5868"}],"collection":[{"href":"https:\/\/face.unt.edu.ar\/web\/wp-json\/wp\/v2\/posts"}],"about":[{"href":"https:\/\/face.unt.edu.ar\/web\/wp-json\/wp\/v2\/types\/post"}],"author":[{"embeddable":true,"href":"https:\/\/face.unt.edu.ar\/web\/wp-json\/wp\/v2\/users\/3"}],"replies":[{"embeddable":true,"href":"https:\/\/face.unt.edu.ar\/web\/wp-json\/wp\/v2\/comments?post=5868"}],"version-history":[{"count":3,"href":"https:\/\/face.unt.edu.ar\/web\/wp-json\/wp\/v2\/posts\/5868\/revisions"}],"predecessor-version":[{"id":5872,"href":"https:\/\/face.unt.edu.ar\/web\/wp-json\/wp\/v2\/posts\/5868\/revisions\/5872"}],"wp:featuredmedia":[{"embeddable":true,"href":"https:\/\/face.unt.edu.ar\/web\/wp-json\/wp\/v2\/media\/5870"}],"wp:attachment":[{"href":"https:\/\/face.unt.edu.ar\/web\/wp-json\/wp\/v2\/media?parent=5868"}],"wp:term":[{"taxonomy":"category","embeddable":true,"href":"https:\/\/face.unt.edu.ar\/web\/wp-json\/wp\/v2\/categories?post=5868"},{"taxonomy":"post_tag","embeddable":true,"href":"https:\/\/face.unt.edu.ar\/web\/wp-json\/wp\/v2\/tags?post=5868"}],"curies":[{"name":"wp","href":"https:\/\/api.w.org\/{rel}","templated":true}]}}