{"id":5955,"date":"2017-10-18T11:22:23","date_gmt":"2017-10-18T11:22:23","guid":{"rendered":"http:\/\/face.unt.edu.ar\/web\/?p=5955"},"modified":"2017-10-23T22:42:01","modified_gmt":"2017-10-23T22:42:01","slug":"la-facultad-sera-sede-las-primeras-jornadas-en-ciencias-economicas","status":"publish","type":"post","link":"https:\/\/face.unt.edu.ar\/web\/blog\/la-facultad-sera-sede-las-primeras-jornadas-en-ciencias-economicas\/","title":{"rendered":"La facultad ser\u00e1 sede las Primeras Jornadas en Ciencias Econ\u00f3micas"},"content":{"rendered":"<p>El 25, 26 y 27 de Octubre, en la Facultad de Ciencias Econ\u00f3micas se llevar\u00e1n a cabo las <strong>1\u00aa Jornadas de\u00a0Ciencias Econ\u00f3micas<\/strong>\u00a0con el prop\u00f3sito de brindar herramientas que ayuden a los estudiantes a lograr una inserci\u00f3n m\u00e1s r\u00e1pida al mercado laboral.<\/p>\n<p>La Jornada, organizada por la Agrupaci\u00f3n Franja Morada, contar\u00e1 con disertantes de nuestra Casa de Altos de Estudios, de la provincia y del pa\u00eds, quienes abordar\u00e1n distintas tem\u00e1ticas relacionadas con la contabilidad, administraci\u00f3n, derecho, econom\u00eda e \u00edndole\u00a0general.<\/p>\n<p>Objetivos del encuentro:<\/p>\n<p>*Mostrar otras perspectivas sobre las distintas \u00e1reas de incumbencia profesional mediante la exposici\u00f3n de ponencias de docentes pertenecientes a nuestra Casa de Altos Estudios,<\/p>\n<p>*Generar intercambios que los acerquen a la realidad de las organizaciones en los distintos rubros, de la mano de profesionales y empresarios invitados,<\/p>\n<p>*Ofrecer tem\u00e1ticas tanto de nuestra provincia como del pa\u00eds para mantener actualizado al estudiante y complementar los conocimientos ya adquiridos de los estudiantes.<\/p>\n<p>&nbsp;<\/p>\n<p>Las preinscripciones se realizan, completando el siguiente formulario:\u00a0<span style=\"color: #0000ff\"><a style=\"color: #0000ff\" href=\"https:\/\/docs.google.com\/forms\/d\/e\/1FAIpQLSdSjFgoYfUKGaefuYDkTOZjH_GC8W0R18MgUuXuN4YqCHcqcg\/viewform?c=0&amp;w=1\">click aqu\u00ed<\/a><\/span><\/p>\n<p>Fecha l\u00edmite de Inscripci\u00f3n:\u00a0 23 de Octubre<\/p>\n<p>Lugar: Centro de Estudiantes de la Facultad de Ciencias Econ\u00f3micas<\/p>\n<p>Costo: $250 para miembros de la Facultad de Ciencias Econ\u00f3micas y $500 para el p\u00fablico en general.<\/p>\n<p>*El costo abarca la inscripci\u00f3n, el material de la jornada (carpeta, folleter\u00eda, hojas para apunte, lapicera, etc.), coffee break, participaci\u00f3n en las distintas charlas y la participaci\u00f3n en la fiesta de cierre.<\/p>\n<p>&nbsp;<\/p>\n<p>Por mayor informaci\u00f3n pueden dirigirse a:<\/p>\n<p>E-mail:\u00a0<a href=\"mailto:jornadasdecienciaseconomicas@gmail.com\">jornadasdecienciaseconomicas@gmail.com<\/a><\/p>\n<p>Facebook:\u00a0<a href=\"https:\/\/www.facebook.com\/Jornadas-De-Ciencias-Econ%C3%B3micas-139001513395710\/\">https:\/\/www.facebook.com\/Jornadas-De-Ciencias-Econ%C3%B3micas-139001513395710\/<\/a><\/p>\n<p>Tel\u00e9fono:(381)5294236<\/p>\n<p>Tel\u00e9fono:(381)4107503<\/p>\n<p>&nbsp;<\/p>\n<p><a href=\"http:\/\/face.unt.edu.ar\/web\/wp-content\/uploads\/2017\/10\/FOLLETO-1-Y-AFICHE.jpeg\"><img decoding=\"async\" loading=\"lazy\" class=\"aligncenter wp-image-5959\" src=\"http:\/\/face.unt.edu.ar\/web\/wp-content\/uploads\/2017\/10\/FOLLETO-1-Y-AFICHE-614x1024.jpeg\" alt=\"FOLLETO 1 Y AFICHE\" width=\"500\" height=\"834\" srcset=\"https:\/\/face.unt.edu.ar\/web\/wp-content\/uploads\/2017\/10\/FOLLETO-1-Y-AFICHE-614x1024.jpeg 614w, https:\/\/face.unt.edu.ar\/web\/wp-content\/uploads\/2017\/10\/FOLLETO-1-Y-AFICHE-180x300.jpeg 180w, https:\/\/face.unt.edu.ar\/web\/wp-content\/uploads\/2017\/10\/FOLLETO-1-Y-AFICHE.jpeg 767w\" sizes=\"(max-width: 500px) 100vw, 500px\" \/><\/a><\/p>\n<p>&nbsp;<\/p>\n<p>&nbsp;<\/p>\n<p>&nbsp;<\/p>\n<p><a href=\"http:\/\/face.unt.edu.ar\/web\/wp-content\/uploads\/2017\/10\/IMG-20171022-WA0021.jpg\"><img decoding=\"async\" loading=\"lazy\" class=\"alignnone size-large wp-image-6001\" src=\"http:\/\/face.unt.edu.ar\/web\/wp-content\/uploads\/2017\/10\/IMG-20171022-WA0021-614x1024.jpg\" alt=\"IMG-20171022-WA0021\" width=\"614\" height=\"1024\" srcset=\"https:\/\/face.unt.edu.ar\/web\/wp-content\/uploads\/2017\/10\/IMG-20171022-WA0021-614x1024.jpg 614w, https:\/\/face.unt.edu.ar\/web\/wp-content\/uploads\/2017\/10\/IMG-20171022-WA0021-180x300.jpg 180w, https:\/\/face.unt.edu.ar\/web\/wp-content\/uploads\/2017\/10\/IMG-20171022-WA0021.jpg 767w\" sizes=\"(max-width: 614px) 100vw, 614px\" \/><\/a><\/p>\n<p>&nbsp;<\/p>\n<p><a href=\"http:\/\/face.unt.edu.ar\/web\/wp-content\/uploads\/2017\/10\/IMG-20171022-WA0022.jpg\"><img decoding=\"async\" loading=\"lazy\" class=\"alignnone size-large wp-image-6002\" src=\"http:\/\/face.unt.edu.ar\/web\/wp-content\/uploads\/2017\/10\/IMG-20171022-WA0022-614x1024.jpg\" alt=\"IMG-20171022-WA0022\" width=\"614\" height=\"1024\" srcset=\"https:\/\/face.unt.edu.ar\/web\/wp-content\/uploads\/2017\/10\/IMG-20171022-WA0022-614x1024.jpg 614w, https:\/\/face.unt.edu.ar\/web\/wp-content\/uploads\/2017\/10\/IMG-20171022-WA0022-180x300.jpg 180w, https:\/\/face.unt.edu.ar\/web\/wp-content\/uploads\/2017\/10\/IMG-20171022-WA0022.jpg 767w\" sizes=\"(max-width: 614px) 100vw, 614px\" \/><\/a><\/p>\n<p>&nbsp;<\/p>\n<p><a href=\"http:\/\/face.unt.edu.ar\/web\/wp-content\/uploads\/2017\/10\/abdelnur.jpg\"><img decoding=\"async\" loading=\"lazy\" class=\"alignnone size-large wp-image-6004\" src=\"http:\/\/face.unt.edu.ar\/web\/wp-content\/uploads\/2017\/10\/abdelnur-614x1024.jpg\" alt=\"abdelnur\" width=\"614\" height=\"1024\" srcset=\"https:\/\/face.unt.edu.ar\/web\/wp-content\/uploads\/2017\/10\/abdelnur-614x1024.jpg 614w, https:\/\/face.unt.edu.ar\/web\/wp-content\/uploads\/2017\/10\/abdelnur-180x300.jpg 180w, https:\/\/face.unt.edu.ar\/web\/wp-content\/uploads\/2017\/10\/abdelnur.jpg 767w\" sizes=\"(max-width: 614px) 100vw, 614px\" \/><\/a> <a href=\"http:\/\/face.unt.edu.ar\/web\/wp-content\/uploads\/2017\/10\/maccio.jpg\"><img decoding=\"async\" loading=\"lazy\" class=\"alignnone size-large wp-image-6005\" src=\"http:\/\/face.unt.edu.ar\/web\/wp-content\/uploads\/2017\/10\/maccio-614x1024.jpg\" alt=\"maccio\" width=\"614\" height=\"1024\" srcset=\"https:\/\/face.unt.edu.ar\/web\/wp-content\/uploads\/2017\/10\/maccio-614x1024.jpg 614w, https:\/\/face.unt.edu.ar\/web\/wp-content\/uploads\/2017\/10\/maccio-180x300.jpg 180w, https:\/\/face.unt.edu.ar\/web\/wp-content\/uploads\/2017\/10\/maccio.jpg 767w\" sizes=\"(max-width: 614px) 100vw, 614px\" \/><\/a> <a href=\"http:\/\/face.unt.edu.ar\/web\/wp-content\/uploads\/2017\/10\/martinez.jpg\"><img decoding=\"async\" loading=\"lazy\" class=\"alignnone size-large wp-image-6006\" src=\"http:\/\/face.unt.edu.ar\/web\/wp-content\/uploads\/2017\/10\/martinez-614x1024.jpg\" alt=\"martinez\" width=\"614\" height=\"1024\" srcset=\"https:\/\/face.unt.edu.ar\/web\/wp-content\/uploads\/2017\/10\/martinez-614x1024.jpg 614w, https:\/\/face.unt.edu.ar\/web\/wp-content\/uploads\/2017\/10\/martinez-180x300.jpg 180w, https:\/\/face.unt.edu.ar\/web\/wp-content\/uploads\/2017\/10\/martinez.jpg 767w\" sizes=\"(max-width: 614px) 100vw, 614px\" \/><\/a> <a href=\"http:\/\/face.unt.edu.ar\/web\/wp-content\/uploads\/2017\/10\/mulki.jpg\"><img decoding=\"async\" loading=\"lazy\" class=\"alignnone size-large wp-image-6007\" src=\"http:\/\/face.unt.edu.ar\/web\/wp-content\/uploads\/2017\/10\/mulki-614x1024.jpg\" alt=\"mulki\" width=\"614\" height=\"1024\" srcset=\"https:\/\/face.unt.edu.ar\/web\/wp-content\/uploads\/2017\/10\/mulki-614x1024.jpg 614w, https:\/\/face.unt.edu.ar\/web\/wp-content\/uploads\/2017\/10\/mulki-180x300.jpg 180w, https:\/\/face.unt.edu.ar\/web\/wp-content\/uploads\/2017\/10\/mulki.jpg 767w\" sizes=\"(max-width: 614px) 100vw, 614px\" \/><\/a> <a href=\"http:\/\/face.unt.edu.ar\/web\/wp-content\/uploads\/2017\/10\/sbdar.jpg\"><img decoding=\"async\" loading=\"lazy\" class=\"alignnone size-large wp-image-6008\" src=\"http:\/\/face.unt.edu.ar\/web\/wp-content\/uploads\/2017\/10\/sbdar-614x1024.jpg\" alt=\"sbdar\" width=\"614\" height=\"1024\" srcset=\"https:\/\/face.unt.edu.ar\/web\/wp-content\/uploads\/2017\/10\/sbdar-614x1024.jpg 614w, https:\/\/face.unt.edu.ar\/web\/wp-content\/uploads\/2017\/10\/sbdar-180x300.jpg 180w, https:\/\/face.unt.edu.ar\/web\/wp-content\/uploads\/2017\/10\/sbdar.jpg 767w\" sizes=\"(max-width: 614px) 100vw, 614px\" \/><\/a> <a href=\"http:\/\/face.unt.edu.ar\/web\/wp-content\/uploads\/2017\/10\/wallberg.jpg\"><img decoding=\"async\" loading=\"lazy\" class=\"alignnone size-large wp-image-6009\" src=\"http:\/\/face.unt.edu.ar\/web\/wp-content\/uploads\/2017\/10\/wallberg-614x1024.jpg\" alt=\"wallberg\" width=\"614\" height=\"1024\" srcset=\"https:\/\/face.unt.edu.ar\/web\/wp-content\/uploads\/2017\/10\/wallberg-614x1024.jpg 614w, https:\/\/face.unt.edu.ar\/web\/wp-content\/uploads\/2017\/10\/wallberg-180x300.jpg 180w, https:\/\/face.unt.edu.ar\/web\/wp-content\/uploads\/2017\/10\/wallberg.jpg 767w\" sizes=\"(max-width: 614px) 100vw, 614px\" \/><\/a><\/p>\n<p>&nbsp;<\/p>\n","protected":false},"excerpt":{"rendered":"<p>El 25, 26 y 27 de Octubre, en la Facultad de Ciencias Econ\u00f3micas se llevar\u00e1n a cabo las 1\u00aa Jornadas de\u00a0Ciencias Econ\u00f3micas\u00a0con el prop\u00f3sito de brindar herramientas que ayuden a los estudiantes a lograr una inserci\u00f3n m\u00e1s r\u00e1pida al mercado laboral. La Jornada, organizada por la Agrupaci\u00f3n Franja Morada, contar\u00e1 con disertantes de nuestra Casa [&hellip;]<\/p>\n","protected":false},"author":3,"featured_media":5963,"comment_status":"open","ping_status":"open","sticky":false,"template":"","format":"standard","meta":{"_et_pb_use_builder":"","_et_pb_old_content":"","_et_gb_content_width":"","footnotes":""},"categories":[4],"tags":[],"_links":{"self":[{"href":"https:\/\/face.unt.edu.ar\/web\/wp-json\/wp\/v2\/posts\/5955"}],"collection":[{"href":"https:\/\/face.unt.edu.ar\/web\/wp-json\/wp\/v2\/posts"}],"about":[{"href":"https:\/\/face.unt.edu.ar\/web\/wp-json\/wp\/v2\/types\/post"}],"author":[{"embeddable":true,"href":"https:\/\/face.unt.edu.ar\/web\/wp-json\/wp\/v2\/users\/3"}],"replies":[{"embeddable":true,"href":"https:\/\/face.unt.edu.ar\/web\/wp-json\/wp\/v2\/comments?post=5955"}],"version-history":[{"count":11,"href":"https:\/\/face.unt.edu.ar\/web\/wp-json\/wp\/v2\/posts\/5955\/revisions"}],"predecessor-version":[{"id":6010,"href":"https:\/\/face.unt.edu.ar\/web\/wp-json\/wp\/v2\/posts\/5955\/revisions\/6010"}],"wp:featuredmedia":[{"embeddable":true,"href":"https:\/\/face.unt.edu.ar\/web\/wp-json\/wp\/v2\/media\/5963"}],"wp:attachment":[{"href":"https:\/\/face.unt.edu.ar\/web\/wp-json\/wp\/v2\/media?parent=5955"}],"wp:term":[{"taxonomy":"category","embeddable":true,"href":"https:\/\/face.unt.edu.ar\/web\/wp-json\/wp\/v2\/categories?post=5955"},{"taxonomy":"post_tag","embeddable":true,"href":"https:\/\/face.unt.edu.ar\/web\/wp-json\/wp\/v2\/tags?post=5955"}],"curies":[{"name":"wp","href":"https:\/\/api.w.org\/{rel}","templated":true}]}}