{"id":5969,"date":"2017-10-17T18:25:57","date_gmt":"2017-10-17T18:25:57","guid":{"rendered":"http:\/\/face.unt.edu.ar\/web\/?p=5969"},"modified":"2017-10-17T22:43:15","modified_gmt":"2017-10-17T22:43:15","slug":"disertaran-importantes-referentes-en-materia-tributaria-en-la-xxiii-jornada-tributaria","status":"publish","type":"post","link":"https:\/\/face.unt.edu.ar\/web\/blog\/disertaran-importantes-referentes-en-materia-tributaria-en-la-xxiii-jornada-tributaria\/","title":{"rendered":"La XXIII Jornada Tributaria convoca a importantes referentes en la materia"},"content":{"rendered":"<p>La Facultad de Ciencias Econ\u00f3micas de la UNT invita a participar de la <strong>XXIII Jornada Tributaria<\/strong>, que se llevar\u00e1 a cabo el pr\u00f3ximo <strong>viernes\u00a020 de Octubre, de 9 a 13 y de 15 a 19 horas<\/strong> en el Colegio de Graduados de Ciencias Econ\u00f3micas de Tucum\u00e1n<\/p>\n<p>En la oportunidad tendr\u00e1n lugar las disertaciones de los Doctores <strong>Gustavo Naveira de Casanova (UBA)<\/strong> y <strong>Gerardo Ratti (Comision Arbitral &#8211; Profesor en U.B.A.)<\/strong><\/p>\n<p>Abordar\u00e1n los siguientes temas:<br \/>\n*Estudio de la Jurisprudencia actual de la CSJN. Cuestiones de Procedimiento Tributario. Impuestos Nacionales y Locales.<br \/>\n*Comisi\u00f3n Arbitral del Convenio Multilateral. Procedimiento y Actuaci\u00f3n ante sus \u00d3rganos. Normativa referida a la<br \/>\ndeterminaci\u00f3n del coeficiente unificado. Jurisprudencia y Novedades normativas al respecto.<\/p>\n<p>El costo para alumnos y ex-alumnos Posgrado y socios del Colegio de Graduados es de $350, mientras que el p\u00fablico en general debe abonar la suma de $ 400.<\/p>\n<p>Los interesados en obtener mayor informaci\u00f3n\u00a0Av. Independencia 1900 &#8211; Oficina 90 edificio de posgrados en el horario de 8:30 a 13:00 \u00f3 llamar a los tel\u00e9fonos (381) &#8211; 41070547 &#8211; Cel.: (0381) &#8211; 4881733<br \/>\nTambi\u00e9n pueden enviar un e-mail a postributacion@gmail.com o ingresar a <span style=\"color: #0000ff\"><a style=\"color: #0000ff\" href=\"http:\/\/www.postributacion.com.ar\/\">www.postributacion.com.ar<\/a><\/span><\/p>\n<p><a href=\"http:\/\/face.unt.edu.ar\/web\/wp-content\/uploads\/2017\/10\/JORNADA-XXIII-publicar.jpg\"><img decoding=\"async\" loading=\"lazy\" class=\"size-full wp-image-5974 aligncenter\" src=\"http:\/\/face.unt.edu.ar\/web\/wp-content\/uploads\/2017\/10\/JORNADA-XXIII-publicar.jpg\" alt=\"JORNADA XXIII publicar\" width=\"670\" height=\"955\" srcset=\"https:\/\/face.unt.edu.ar\/web\/wp-content\/uploads\/2017\/10\/JORNADA-XXIII-publicar.jpg 670w, https:\/\/face.unt.edu.ar\/web\/wp-content\/uploads\/2017\/10\/JORNADA-XXIII-publicar-210x300.jpg 210w\" sizes=\"(max-width: 670px) 100vw, 670px\" \/><\/a><\/p>\n","protected":false},"excerpt":{"rendered":"<p>La Facultad de Ciencias Econ\u00f3micas de la UNT invita a participar de la XXIII Jornada Tributaria, que se llevar\u00e1 a cabo el pr\u00f3ximo viernes\u00a020 de Octubre, de 9 a 13 y de 15 a 19 horas en el Colegio de Graduados de Ciencias Econ\u00f3micas de Tucum\u00e1n En la oportunidad tendr\u00e1n lugar las disertaciones de los [&hellip;]<\/p>\n","protected":false},"author":3,"featured_media":5970,"comment_status":"open","ping_status":"open","sticky":false,"template":"","format":"standard","meta":{"_et_pb_use_builder":"","_et_pb_old_content":"","_et_gb_content_width":"","footnotes":""},"categories":[4,5],"tags":[],"_links":{"self":[{"href":"https:\/\/face.unt.edu.ar\/web\/wp-json\/wp\/v2\/posts\/5969"}],"collection":[{"href":"https:\/\/face.unt.edu.ar\/web\/wp-json\/wp\/v2\/posts"}],"about":[{"href":"https:\/\/face.unt.edu.ar\/web\/wp-json\/wp\/v2\/types\/post"}],"author":[{"embeddable":true,"href":"https:\/\/face.unt.edu.ar\/web\/wp-json\/wp\/v2\/users\/3"}],"replies":[{"embeddable":true,"href":"https:\/\/face.unt.edu.ar\/web\/wp-json\/wp\/v2\/comments?post=5969"}],"version-history":[{"count":6,"href":"https:\/\/face.unt.edu.ar\/web\/wp-json\/wp\/v2\/posts\/5969\/revisions"}],"predecessor-version":[{"id":5978,"href":"https:\/\/face.unt.edu.ar\/web\/wp-json\/wp\/v2\/posts\/5969\/revisions\/5978"}],"wp:featuredmedia":[{"embeddable":true,"href":"https:\/\/face.unt.edu.ar\/web\/wp-json\/wp\/v2\/media\/5970"}],"wp:attachment":[{"href":"https:\/\/face.unt.edu.ar\/web\/wp-json\/wp\/v2\/media?parent=5969"}],"wp:term":[{"taxonomy":"category","embeddable":true,"href":"https:\/\/face.unt.edu.ar\/web\/wp-json\/wp\/v2\/categories?post=5969"},{"taxonomy":"post_tag","embeddable":true,"href":"https:\/\/face.unt.edu.ar\/web\/wp-json\/wp\/v2\/tags?post=5969"}],"curies":[{"name":"wp","href":"https:\/\/api.w.org\/{rel}","templated":true}]}}