{"id":5995,"date":"2017-10-23T22:27:07","date_gmt":"2017-10-23T22:27:07","guid":{"rendered":"http:\/\/face.unt.edu.ar\/web\/?p=5995"},"modified":"2017-10-23T22:27:07","modified_gmt":"2017-10-23T22:27:07","slug":"la-face-inaugurara-su-centro-de-graduados-en-ciencias-economicas","status":"publish","type":"post","link":"https:\/\/face.unt.edu.ar\/web\/blog\/la-face-inaugurara-su-centro-de-graduados-en-ciencias-economicas\/","title":{"rendered":"La FACE inaugurar\u00e1 su Centro de Graduados en Ciencias Econ\u00f3micas"},"content":{"rendered":"<p>El pr\u00f3ximo jueves 26 de Octubre a las 19 horas en el aula Magna de nuestra Casa, se llevara acabo el lanzamiento oficial del <strong>Centro de Graduados en Ciencias Econ\u00f3micas. <\/strong>Durante la jornada adem\u00e1s tendr\u00e1 lugar una charla a cargo del Mg. Adri\u00e1n Cosentino; \u00abEstrategias Innovadoras de Financiamiento. El Rol de los Mercados de Capitales\u00bb<\/p>\n<p>El acto de apertura estar\u00e1 encabezado por el decano de la Facultad de Ciencias Econ\u00f3micas, Mg Jos\u00e9 Luis Jimenez y dem\u00e1s autoridades de esta Casa y posterior a este acto disertar\u00e1 el Mg. Adri\u00e1n Cosentino.<\/p>\n<p>Cabe destacar que la creaci\u00f3n de este Centro de Graduados en\u00a0Ciencias Econ\u00f3micas surgi\u00f3\u00a0frente a la necesidad de un espacio de participaci\u00f3n y comunicaci\u00f3n activa de los egresados entre s\u00ed y de ellos con la Instituci\u00f3n, con el prop\u00f3sito de acompa\u00f1ar y brindar informaci\u00f3n a sus integrantes a lo largo de la vida profesional y fortalecer su\u00a0pertenencia a la comunidad universitaria.<\/p>\n<p>Por ello el\u00a0<strong>Centro de Graduados<\/strong>\u00a0tiene como objetivo general \u00abfomentar la participaci\u00f3n de los graduados de la Facultad de Ciencias Econ\u00f3micas en la vida universitaria\u00bb.<\/p>\n","protected":false},"excerpt":{"rendered":"<p>El pr\u00f3ximo jueves 26 de Octubre a las 19 horas en el aula Magna de nuestra Casa, se llevara acabo el lanzamiento oficial del Centro de Graduados en Ciencias Econ\u00f3micas. Durante la jornada adem\u00e1s tendr\u00e1 lugar una charla a cargo del Mg. Adri\u00e1n Cosentino; \u00abEstrategias Innovadoras de Financiamiento. El Rol de los Mercados de Capitales\u00bb [&hellip;]<\/p>\n","protected":false},"author":3,"featured_media":5997,"comment_status":"open","ping_status":"open","sticky":false,"template":"","format":"standard","meta":{"_et_pb_use_builder":"","_et_pb_old_content":"","_et_gb_content_width":"","footnotes":""},"categories":[4],"tags":[],"_links":{"self":[{"href":"https:\/\/face.unt.edu.ar\/web\/wp-json\/wp\/v2\/posts\/5995"}],"collection":[{"href":"https:\/\/face.unt.edu.ar\/web\/wp-json\/wp\/v2\/posts"}],"about":[{"href":"https:\/\/face.unt.edu.ar\/web\/wp-json\/wp\/v2\/types\/post"}],"author":[{"embeddable":true,"href":"https:\/\/face.unt.edu.ar\/web\/wp-json\/wp\/v2\/users\/3"}],"replies":[{"embeddable":true,"href":"https:\/\/face.unt.edu.ar\/web\/wp-json\/wp\/v2\/comments?post=5995"}],"version-history":[{"count":2,"href":"https:\/\/face.unt.edu.ar\/web\/wp-json\/wp\/v2\/posts\/5995\/revisions"}],"predecessor-version":[{"id":6000,"href":"https:\/\/face.unt.edu.ar\/web\/wp-json\/wp\/v2\/posts\/5995\/revisions\/6000"}],"wp:featuredmedia":[{"embeddable":true,"href":"https:\/\/face.unt.edu.ar\/web\/wp-json\/wp\/v2\/media\/5997"}],"wp:attachment":[{"href":"https:\/\/face.unt.edu.ar\/web\/wp-json\/wp\/v2\/media?parent=5995"}],"wp:term":[{"taxonomy":"category","embeddable":true,"href":"https:\/\/face.unt.edu.ar\/web\/wp-json\/wp\/v2\/categories?post=5995"},{"taxonomy":"post_tag","embeddable":true,"href":"https:\/\/face.unt.edu.ar\/web\/wp-json\/wp\/v2\/tags?post=5995"}],"curies":[{"name":"wp","href":"https:\/\/api.w.org\/{rel}","templated":true}]}}