{"id":6016,"date":"2017-10-25T18:10:01","date_gmt":"2017-10-25T18:10:01","guid":{"rendered":"http:\/\/face.unt.edu.ar\/web\/?p=6016"},"modified":"2017-10-25T18:10:01","modified_gmt":"2017-10-25T18:10:01","slug":"ii-olimpiadas-academicas-de-ciencias-economicas","status":"publish","type":"post","link":"https:\/\/face.unt.edu.ar\/web\/blog\/ii-olimpiadas-academicas-de-ciencias-economicas\/","title":{"rendered":"II Olimpiadas Acad\u00e9micas de Ciencias Econ\u00f3micas"},"content":{"rendered":"<p>El <strong>viernes\u00a0 03 de Noviembre<\/strong> se llevar\u00e1n a cabo las <strong>Olimpiadas de Ciencias Econ\u00f3micas<\/strong>, que se desarrollar\u00e1n <strong>de 9:30 a 13:30<\/strong> horas.<\/p>\n<p>Este es el segundo a\u00f1o que se realizan estas actividades en nuestra Facultad, dirigidas a las instituciones educativas de nivel secundario.<\/p>\n<p>Con estas Olimpiadas se pretende colaborar con el acercamiento de la Universidad a los docentes y estudiantes de las Instituciones Secundarias, a trav\u00e9s del acompa\u00f1amiento en la preparaci\u00f3n y participaci\u00f3n en este evento, que si bien premia los resultados, tambi\u00e9n es muy importante la preparaci\u00f3n con el involucramiento de todos los actores y la experiencia que se podr\u00e1 adquirir en la participaci\u00f3n. Adem\u00e1s se pretende desestructurar la mirada sobre la Universidad, facilitando la vinculaci\u00f3n entre ambos niveles educativos<\/p>\n<p>Para ello, el nivel de exigencia de las Olimp\u00edadas supone la puesta en juego no s\u00f3lo de conocimientos, sino tambi\u00e9n del aprendizaje en colaboraci\u00f3n (docentes y estudiantes) para la resoluci\u00f3n de los planteos en los diferentes n\u00facleos de conocimientos. Tanto para la orientaci\u00f3n af\u00edn a las Ciencias Econ\u00f3micas en una categor\u00eda, como en las restantes orientaciones en otra categor\u00eda.<\/p>\n<p><strong>Participantes<\/strong><\/p>\n<p>Las Olimpiadas est\u00e1n dirigidas principalmente a los estudiantes de los dos \u00faltimos a\u00f1os pertenecientes a la educaci\u00f3n del Nivel Medio, tanto de gesti\u00f3n p\u00fablica como de gesti\u00f3n privada.<\/p>\n<p>Las asignaturas incluidas en la prueba de cada categor\u00eda ser\u00e1n:<\/p>\n<p>&nbsp;<\/p>\n<p style=\"text-align: center\"><a href=\"http:\/\/face.unt.edu.ar\/web\/wp-content\/uploads\/2017\/10\/grafico-olimpiadas.jpg\"><img decoding=\"async\" loading=\"lazy\" class=\"alignnone  wp-image-6017\" src=\"http:\/\/face.unt.edu.ar\/web\/wp-content\/uploads\/2017\/10\/grafico-olimpiadas-300x166.jpg\" alt=\"\" width=\"421\" height=\"233\" srcset=\"https:\/\/face.unt.edu.ar\/web\/wp-content\/uploads\/2017\/10\/grafico-olimpiadas-300x166.jpg 300w, https:\/\/face.unt.edu.ar\/web\/wp-content\/uploads\/2017\/10\/grafico-olimpiadas.jpg 648w\" sizes=\"(max-width: 421px) 100vw, 421px\" \/><\/a><\/p>\n<p>&nbsp;<\/p>\n<p><strong>Taller para docentes<\/strong><\/p>\n<p>Durante el transcurso de la prueba, se realizar\u00e1 un taller de actualizaci\u00f3n en temas de inter\u00e9s para aquellos profesores que acompa\u00f1en a los diferentes equipos o los docentes que deseen participar del mismo.<\/p>\n<p>Se otorgar\u00e1n certificados de asistencia a los participantes en dicho taller.<\/p>\n<p>M\u00e1s informaci\u00f3n en <a href=\"http:\/\/face.unt.edu.ar\/web\/olimpiadas-academicas-de-ciencias-economicas\/\">http:\/\/face.unt.edu.ar\/web\/olimpiadas-academicas-de-ciencias-economicas\/<\/a><\/p>\n<p>&nbsp;<\/p>\n","protected":false},"excerpt":{"rendered":"<p>El viernes\u00a0 03 de Noviembre se llevar\u00e1n a cabo las Olimpiadas de Ciencias Econ\u00f3micas, que se desarrollar\u00e1n de 9:30 a 13:30 horas. Este es el segundo a\u00f1o que se realizan estas actividades en nuestra Facultad, dirigidas a las instituciones educativas de nivel secundario. Con estas Olimpiadas se pretende colaborar con el acercamiento de la Universidad [&hellip;]<\/p>\n","protected":false},"author":2,"featured_media":6018,"comment_status":"open","ping_status":"open","sticky":false,"template":"","format":"standard","meta":{"_et_pb_use_builder":"","_et_pb_old_content":"","_et_gb_content_width":"","footnotes":""},"categories":[4],"tags":[],"_links":{"self":[{"href":"https:\/\/face.unt.edu.ar\/web\/wp-json\/wp\/v2\/posts\/6016"}],"collection":[{"href":"https:\/\/face.unt.edu.ar\/web\/wp-json\/wp\/v2\/posts"}],"about":[{"href":"https:\/\/face.unt.edu.ar\/web\/wp-json\/wp\/v2\/types\/post"}],"author":[{"embeddable":true,"href":"https:\/\/face.unt.edu.ar\/web\/wp-json\/wp\/v2\/users\/2"}],"replies":[{"embeddable":true,"href":"https:\/\/face.unt.edu.ar\/web\/wp-json\/wp\/v2\/comments?post=6016"}],"version-history":[{"count":1,"href":"https:\/\/face.unt.edu.ar\/web\/wp-json\/wp\/v2\/posts\/6016\/revisions"}],"predecessor-version":[{"id":6019,"href":"https:\/\/face.unt.edu.ar\/web\/wp-json\/wp\/v2\/posts\/6016\/revisions\/6019"}],"wp:featuredmedia":[{"embeddable":true,"href":"https:\/\/face.unt.edu.ar\/web\/wp-json\/wp\/v2\/media\/6018"}],"wp:attachment":[{"href":"https:\/\/face.unt.edu.ar\/web\/wp-json\/wp\/v2\/media?parent=6016"}],"wp:term":[{"taxonomy":"category","embeddable":true,"href":"https:\/\/face.unt.edu.ar\/web\/wp-json\/wp\/v2\/categories?post=6016"},{"taxonomy":"post_tag","embeddable":true,"href":"https:\/\/face.unt.edu.ar\/web\/wp-json\/wp\/v2\/tags?post=6016"}],"curies":[{"name":"wp","href":"https:\/\/api.w.org\/{rel}","templated":true}]}}