{"id":6100,"date":"2017-11-09T21:14:46","date_gmt":"2017-11-09T21:14:46","guid":{"rendered":"http:\/\/face.unt.edu.ar\/web\/?p=6100"},"modified":"2017-11-09T21:14:46","modified_gmt":"2017-11-09T21:14:46","slug":"curso-taller-latex-con-texstudio","status":"publish","type":"post","link":"https:\/\/face.unt.edu.ar\/web\/blog\/curso-taller-latex-con-texstudio\/","title":{"rendered":"Curso Taller: Latex con TEXstudio"},"content":{"rendered":"<p>Se realizar\u00e1 en nuestra Facultad, a cargo de la Dra. Mar\u00eda Emilia Castillo.<\/p>\n<p>Inicia el 14 de Noviembre y se dictar\u00e1 los martes y viernes de 18:30 a 21:30 horas, durante cuatro encuentros.<\/p>\n<p>&nbsp;<\/p>\n<p>La tem\u00e1tica del curso estar\u00e1 basada en:<\/p>\n<ul>\n<li>Creaci\u00f3n de documentos<\/li>\n<li>Ecuaci\u00f3n y f\u00f3rmulas<\/li>\n<li>Insertar im\u00e1genes<\/li>\n<li>Tablas<\/li>\n<li>Paquete Beamer.<\/li>\n<\/ul>\n<p>&nbsp;<\/p>\n<p>Las inscripsciones se realizan en la Cooperadora de nuestra Facultad, de\u00a0lunes a viernes\u00a0de\u00a08 a 12 horas y\u00a0de\u00a016 a 19:30 horas.<\/p>\n<p>El costo para los estudiantes es de $300, los docentes y graduados de la Facultad abonar\u00e1n $500.El costo para el p\u00fablico en general es de $700.<\/p>\n<p>Este Curso Taller es organizado por el Instituto de Matem\u00e1tica y la Secretar\u00eda de Extensi\u00f3n y Relaciones Institucionales de la Facultad de Ciencias Econ\u00f3micas de la UNT.<\/p>\n<p><a href=\"http:\/\/face.unt.edu.ar\/web\/wp-content\/uploads\/2017\/11\/Latex-1.jpeg\"><img decoding=\"async\" loading=\"lazy\" class=\"wp-image-6102 aligncenter\" src=\"http:\/\/face.unt.edu.ar\/web\/wp-content\/uploads\/2017\/11\/Latex-1-212x300.jpeg\" alt=\"\" width=\"516\" height=\"730\" srcset=\"https:\/\/face.unt.edu.ar\/web\/wp-content\/uploads\/2017\/11\/Latex-1-212x300.jpeg 212w, https:\/\/face.unt.edu.ar\/web\/wp-content\/uploads\/2017\/11\/Latex-1-768x1087.jpeg 768w, https:\/\/face.unt.edu.ar\/web\/wp-content\/uploads\/2017\/11\/Latex-1-723x1024.jpeg 723w, https:\/\/face.unt.edu.ar\/web\/wp-content\/uploads\/2017\/11\/Latex-1.jpeg 904w\" sizes=\"(max-width: 516px) 100vw, 516px\" \/><\/a><\/p>\n","protected":false},"excerpt":{"rendered":"<p>Se realizar\u00e1 en nuestra Facultad, a cargo de la Dra. Mar\u00eda Emilia Castillo. Inicia el 14 de Noviembre y se dictar\u00e1 los martes y viernes de 18:30 a 21:30 horas, durante cuatro encuentros. &nbsp; La tem\u00e1tica del curso estar\u00e1 basada en: Creaci\u00f3n de documentos Ecuaci\u00f3n y f\u00f3rmulas Insertar im\u00e1genes Tablas Paquete Beamer. &nbsp; Las inscripsciones [&hellip;]<\/p>\n","protected":false},"author":2,"featured_media":6101,"comment_status":"open","ping_status":"open","sticky":false,"template":"","format":"standard","meta":{"_et_pb_use_builder":"","_et_pb_old_content":"","_et_gb_content_width":"","footnotes":""},"categories":[4],"tags":[],"_links":{"self":[{"href":"https:\/\/face.unt.edu.ar\/web\/wp-json\/wp\/v2\/posts\/6100"}],"collection":[{"href":"https:\/\/face.unt.edu.ar\/web\/wp-json\/wp\/v2\/posts"}],"about":[{"href":"https:\/\/face.unt.edu.ar\/web\/wp-json\/wp\/v2\/types\/post"}],"author":[{"embeddable":true,"href":"https:\/\/face.unt.edu.ar\/web\/wp-json\/wp\/v2\/users\/2"}],"replies":[{"embeddable":true,"href":"https:\/\/face.unt.edu.ar\/web\/wp-json\/wp\/v2\/comments?post=6100"}],"version-history":[{"count":1,"href":"https:\/\/face.unt.edu.ar\/web\/wp-json\/wp\/v2\/posts\/6100\/revisions"}],"predecessor-version":[{"id":6103,"href":"https:\/\/face.unt.edu.ar\/web\/wp-json\/wp\/v2\/posts\/6100\/revisions\/6103"}],"wp:featuredmedia":[{"embeddable":true,"href":"https:\/\/face.unt.edu.ar\/web\/wp-json\/wp\/v2\/media\/6101"}],"wp:attachment":[{"href":"https:\/\/face.unt.edu.ar\/web\/wp-json\/wp\/v2\/media?parent=6100"}],"wp:term":[{"taxonomy":"category","embeddable":true,"href":"https:\/\/face.unt.edu.ar\/web\/wp-json\/wp\/v2\/categories?post=6100"},{"taxonomy":"post_tag","embeddable":true,"href":"https:\/\/face.unt.edu.ar\/web\/wp-json\/wp\/v2\/tags?post=6100"}],"curies":[{"name":"wp","href":"https:\/\/api.w.org\/{rel}","templated":true}]}}