{"id":6104,"date":"2017-11-14T03:53:43","date_gmt":"2017-11-14T03:53:43","guid":{"rendered":"http:\/\/face.unt.edu.ar\/web\/?p=6104"},"modified":"2017-11-14T13:02:41","modified_gmt":"2017-11-14T13:02:41","slug":"gew-tucuman-desafio-pitch","status":"publish","type":"post","link":"https:\/\/face.unt.edu.ar\/web\/blog\/gew-tucuman-desafio-pitch\/","title":{"rendered":"GEW Tucum\u00e1n &#8211; \u00abDesaf\u00edo Pitch\u00bb"},"content":{"rendered":"<p>La Facultad de Ciencias Econ\u00f3micas de la UNT invita a participar de \u201cDesaf\u00edo Pitch\u201d, organizado en el marco de Ecosistema Emprendedor de Tucum\u00e1n.<\/p>\n<p>Se realizar\u00e1 el jueves 16 de noviembre, desde las 18:00 hasta las 21:30 horas, en la Federaci\u00f3n Econ\u00f3mica de Tucum\u00e1n (San Mart\u00edn 427).<\/p>\n<p>El presentador del evento ser\u00e1 <strong>Calixto Carbone<\/strong><\/p>\n<p>El progrma de actividades incluye:<\/p>\n<ol>\n<li>Una charla &#8211; taller de <strong>pitch<\/strong> dirigido a todos los emprendedores, que tienen una idea-proyecto, bien definida y emprendimientos en marcha.<\/li>\n<\/ol>\n<p>Formadora\u00a0<strong>Silvia Marra<\/strong>, Academia Argentina Emprende &#8211; Ministerio de Producci\u00f3n de la Naci\u00f3n.<\/p>\n<ol start=\"2\">\n<li>Presenta Tu pitch: actividad cuyo objetivo es que los emprendedores se animen a presentar su proyecto, venzan el miedo, tengan la experiencia de armar un pitch y recibir\u00a0 feedbaks de mentores que le aportar\u00e1n mucho valor.<\/li>\n<\/ol>\n<p>Metodolog\u00eda de presentaci\u00f3n: Cada emprendedor tendr\u00e1 la oportunidad de elegir entre un grupo de mentores a quienes presentar su picth de 3 minutos y los mentores le dar\u00e1n sus devoluciones tanto de su proyecto como presentaci\u00f3n.<\/p>\n<ol start=\"3\">\n<li>Cierre: m\u00fasica y stands de emprendedores.<\/li>\n<\/ol>\n<p>&nbsp;<\/p>\n<p><a href=\"http:\/\/face.unt.edu.ar\/web\/wp-content\/uploads\/2017\/11\/image.png\"><img decoding=\"async\" loading=\"lazy\" class=\"wp-image-6105 aligncenter\" src=\"http:\/\/face.unt.edu.ar\/web\/wp-content\/uploads\/2017\/11\/image-300x300.png\" alt=\"\" width=\"508\" height=\"508\" srcset=\"https:\/\/face.unt.edu.ar\/web\/wp-content\/uploads\/2017\/11\/image-300x300.png 300w, https:\/\/face.unt.edu.ar\/web\/wp-content\/uploads\/2017\/11\/image-150x150.png 150w, https:\/\/face.unt.edu.ar\/web\/wp-content\/uploads\/2017\/11\/image-768x766.png 768w, https:\/\/face.unt.edu.ar\/web\/wp-content\/uploads\/2017\/11\/image.png 812w\" sizes=\"(max-width: 508px) 100vw, 508px\" \/><\/a><\/p>\n<p>&nbsp;<\/p>\n","protected":false},"excerpt":{"rendered":"<p>La Facultad de Ciencias Econ\u00f3micas de la UNT invita a participar de \u201cDesaf\u00edo Pitch\u201d, organizado en el marco de Ecosistema Emprendedor de Tucum\u00e1n. Se realizar\u00e1 el jueves 16 de noviembre, desde las 18:00 hasta las 21:30 horas, en la Federaci\u00f3n Econ\u00f3mica de Tucum\u00e1n (San Mart\u00edn 427). El presentador del evento ser\u00e1 Calixto Carbone El progrma [&hellip;]<\/p>\n","protected":false},"author":2,"featured_media":6106,"comment_status":"open","ping_status":"open","sticky":false,"template":"","format":"standard","meta":{"_et_pb_use_builder":"","_et_pb_old_content":"","_et_gb_content_width":"","footnotes":""},"categories":[4],"tags":[],"_links":{"self":[{"href":"https:\/\/face.unt.edu.ar\/web\/wp-json\/wp\/v2\/posts\/6104"}],"collection":[{"href":"https:\/\/face.unt.edu.ar\/web\/wp-json\/wp\/v2\/posts"}],"about":[{"href":"https:\/\/face.unt.edu.ar\/web\/wp-json\/wp\/v2\/types\/post"}],"author":[{"embeddable":true,"href":"https:\/\/face.unt.edu.ar\/web\/wp-json\/wp\/v2\/users\/2"}],"replies":[{"embeddable":true,"href":"https:\/\/face.unt.edu.ar\/web\/wp-json\/wp\/v2\/comments?post=6104"}],"version-history":[{"count":4,"href":"https:\/\/face.unt.edu.ar\/web\/wp-json\/wp\/v2\/posts\/6104\/revisions"}],"predecessor-version":[{"id":7577,"href":"https:\/\/face.unt.edu.ar\/web\/wp-json\/wp\/v2\/posts\/6104\/revisions\/7577"}],"wp:featuredmedia":[{"embeddable":true,"href":"https:\/\/face.unt.edu.ar\/web\/wp-json\/wp\/v2\/media\/6106"}],"wp:attachment":[{"href":"https:\/\/face.unt.edu.ar\/web\/wp-json\/wp\/v2\/media?parent=6104"}],"wp:term":[{"taxonomy":"category","embeddable":true,"href":"https:\/\/face.unt.edu.ar\/web\/wp-json\/wp\/v2\/categories?post=6104"},{"taxonomy":"post_tag","embeddable":true,"href":"https:\/\/face.unt.edu.ar\/web\/wp-json\/wp\/v2\/tags?post=6104"}],"curies":[{"name":"wp","href":"https:\/\/api.w.org\/{rel}","templated":true}]}}