{"id":6129,"date":"2017-11-15T16:08:05","date_gmt":"2017-11-15T16:08:05","guid":{"rendered":"http:\/\/face.unt.edu.ar\/web\/?p=6129"},"modified":"2017-11-21T15:48:24","modified_gmt":"2017-11-21T15:48:24","slug":"examenes-diciembre-2017-primer-y-segundo-llamado","status":"publish","type":"post","link":"https:\/\/face.unt.edu.ar\/web\/blog\/examenes-diciembre-2017-primer-y-segundo-llamado\/","title":{"rendered":"Ex\u00e1menes Diciembre 2017 &#8211; Primer y Segundo llamado"},"content":{"rendered":"<p>La Facultad de Ciencias Econ\u00f3micas de la Universidad Nacional de Tucum\u00e1n da a conocer las fechas en que tendr\u00e1n lugar las\u00a0<strong>Mesas de Ex\u00e1menes de Diciembre 2017<\/strong>.<\/p>\n<p>Seg\u00fan lo establecido por la Resoluci\u00f3n 689-D-17, el Primer llamado correspondiente a los ex\u00e1menes de Diciembre 2017, para las carreras de Contador P\u00fablico Nacional, Licenciado en Econom\u00eda y Licenciado en Administraci\u00f3n; se desarrollar\u00e1n los d\u00edas\u00a0<strong>27, 28, 29 30 de Noviembre y 01 de Diciembre<\/strong>.<\/p>\n<p>Por otro lado, a partir de lo que establece la misma Resoluci\u00f3n, el\u00a0<strong>Segundo llamado<\/strong>\u00a0correspondiente a los ex\u00e1menes de Diciembre 2017, para las carreras de Contador P\u00fablico Nacional, Licenciado en Econom\u00eda y Licenciado en Administraci\u00f3n; se desarrollar\u00e1n los d\u00edas\u00a0<strong>11, 12, 13, 14 y 15 de Diciembre<\/strong>.<\/p>\n<p>Se adjunta la Resoluci\u00f3n, antes mencionada, donde est\u00e1 el detalle de los tribunales examinadores en cada asignatura, con fecha y horario correspondiente.<\/p>\n<p><a href=\"https:\/\/drive.google.com\/file\/d\/0BwZE7DzLP04YbDdwVzgwMUdqanEydExmcDlBZUM0bnNWWE1z\/view?usp=sharing\">Descargar Resoluci\u00f3n haciendo click aqu\u00ed\u00a0<\/a><\/p>\n<p>Cabe destacar que a pedido del Instituto de Investigaciones Econ\u00f3micas se modificaron las materias Historia del Pensamiento Econ\u00f3mico y Econom\u00eda Econ\u00f3mica, se tomar\u00e1n s\u00f3lo en el Primer Llamado.<\/p>\n<p><a href=\"https:\/\/drive.google.com\/file\/d\/0BwZE7DzLP04YVzNLb041cE5ma0xWZGtncFhpc1hmc2VtUmVV\/view?usp=sharing\">Ver Resoluci\u00f3n aqu\u00ed<\/a><\/p>\n","protected":false},"excerpt":{"rendered":"<p>La Facultad de Ciencias Econ\u00f3micas de la Universidad Nacional de Tucum\u00e1n da a conocer las fechas en que tendr\u00e1n lugar las\u00a0Mesas de Ex\u00e1menes de Diciembre 2017. Seg\u00fan lo establecido por la Resoluci\u00f3n 689-D-17, el Primer llamado correspondiente a los ex\u00e1menes de Diciembre 2017, para las carreras de Contador P\u00fablico Nacional, Licenciado en Econom\u00eda y Licenciado [&hellip;]<\/p>\n","protected":false},"author":2,"featured_media":1613,"comment_status":"open","ping_status":"open","sticky":false,"template":"","format":"standard","meta":{"_et_pb_use_builder":"","_et_pb_old_content":"","_et_gb_content_width":"","footnotes":""},"categories":[4],"tags":[],"_links":{"self":[{"href":"https:\/\/face.unt.edu.ar\/web\/wp-json\/wp\/v2\/posts\/6129"}],"collection":[{"href":"https:\/\/face.unt.edu.ar\/web\/wp-json\/wp\/v2\/posts"}],"about":[{"href":"https:\/\/face.unt.edu.ar\/web\/wp-json\/wp\/v2\/types\/post"}],"author":[{"embeddable":true,"href":"https:\/\/face.unt.edu.ar\/web\/wp-json\/wp\/v2\/users\/2"}],"replies":[{"embeddable":true,"href":"https:\/\/face.unt.edu.ar\/web\/wp-json\/wp\/v2\/comments?post=6129"}],"version-history":[{"count":4,"href":"https:\/\/face.unt.edu.ar\/web\/wp-json\/wp\/v2\/posts\/6129\/revisions"}],"predecessor-version":[{"id":6163,"href":"https:\/\/face.unt.edu.ar\/web\/wp-json\/wp\/v2\/posts\/6129\/revisions\/6163"}],"wp:featuredmedia":[{"embeddable":true,"href":"https:\/\/face.unt.edu.ar\/web\/wp-json\/wp\/v2\/media\/1613"}],"wp:attachment":[{"href":"https:\/\/face.unt.edu.ar\/web\/wp-json\/wp\/v2\/media?parent=6129"}],"wp:term":[{"taxonomy":"category","embeddable":true,"href":"https:\/\/face.unt.edu.ar\/web\/wp-json\/wp\/v2\/categories?post=6129"},{"taxonomy":"post_tag","embeddable":true,"href":"https:\/\/face.unt.edu.ar\/web\/wp-json\/wp\/v2\/tags?post=6129"}],"curies":[{"name":"wp","href":"https:\/\/api.w.org\/{rel}","templated":true}]}}