{"id":6131,"date":"2017-11-15T16:14:12","date_gmt":"2017-11-15T16:14:12","guid":{"rendered":"http:\/\/face.unt.edu.ar\/web\/?p=6131"},"modified":"2017-11-15T16:14:12","modified_gmt":"2017-11-15T16:14:12","slug":"calendario-academico-2018","status":"publish","type":"post","link":"https:\/\/face.unt.edu.ar\/web\/blog\/calendario-academico-2018\/","title":{"rendered":"Calendario\u00a0Acad\u00e9mico 2018"},"content":{"rendered":"<p><span style=\"color: #000000;font-size: medium\">El Honorable Consejo Directivo de la Facultad de Ciencias Econ\u00f3micas de la UNT aprob\u00f3 el\u00a0<span class=\"il\">Calendario<\/span>\u00a0Acad\u00e9mico 2018, establecido seg\u00fan Resoluci\u00f3n N\u00ba 477 HCD 17; el cual prev\u00e9 las fechas y tr\u00e1mites de inscripciones, pases y readmisiones; dictados de clases y fechas de ex\u00e1menes.<\/span><\/p>\n<p><a href=\"http:\/\/64104.asset.dattanet.com\/web_public_shared\/attached\/64104\/477hcd17_calendario_academico_2018.pdf?mkt_hm=2&amp;utm_source=email_marketing&amp;utm_admin=64104&amp;utm_medium=email&amp;utm_campaign=Calendario_Acadmico\" target=\"_blank\" rel=\"noopener\">Descargar el Calendario Acad\u00e9mico 2018 haciendo clcik aqu\u00ed<\/a><\/p>\n<p>&nbsp;<\/p>\n<p><span style=\"color: #000000;font-size: medium\"><\/p>\n<p><\/span><\/p>\n","protected":false},"excerpt":{"rendered":"<p>El Honorable Consejo Directivo de la Facultad de Ciencias Econ\u00f3micas de la UNT aprob\u00f3 el\u00a0Calendario\u00a0Acad\u00e9mico 2018, establecido seg\u00fan Resoluci\u00f3n N\u00ba 477 HCD 17; el cual prev\u00e9 las fechas y tr\u00e1mites de inscripciones, pases y readmisiones; dictados de clases y fechas de ex\u00e1menes. Descargar el Calendario Acad\u00e9mico 2018 haciendo clcik aqu\u00ed &nbsp;<\/p>\n","protected":false},"author":2,"featured_media":6132,"comment_status":"open","ping_status":"open","sticky":false,"template":"","format":"standard","meta":{"_et_pb_use_builder":"","_et_pb_old_content":"","_et_gb_content_width":"","footnotes":""},"categories":[4],"tags":[],"_links":{"self":[{"href":"https:\/\/face.unt.edu.ar\/web\/wp-json\/wp\/v2\/posts\/6131"}],"collection":[{"href":"https:\/\/face.unt.edu.ar\/web\/wp-json\/wp\/v2\/posts"}],"about":[{"href":"https:\/\/face.unt.edu.ar\/web\/wp-json\/wp\/v2\/types\/post"}],"author":[{"embeddable":true,"href":"https:\/\/face.unt.edu.ar\/web\/wp-json\/wp\/v2\/users\/2"}],"replies":[{"embeddable":true,"href":"https:\/\/face.unt.edu.ar\/web\/wp-json\/wp\/v2\/comments?post=6131"}],"version-history":[{"count":1,"href":"https:\/\/face.unt.edu.ar\/web\/wp-json\/wp\/v2\/posts\/6131\/revisions"}],"predecessor-version":[{"id":6133,"href":"https:\/\/face.unt.edu.ar\/web\/wp-json\/wp\/v2\/posts\/6131\/revisions\/6133"}],"wp:featuredmedia":[{"embeddable":true,"href":"https:\/\/face.unt.edu.ar\/web\/wp-json\/wp\/v2\/media\/6132"}],"wp:attachment":[{"href":"https:\/\/face.unt.edu.ar\/web\/wp-json\/wp\/v2\/media?parent=6131"}],"wp:term":[{"taxonomy":"category","embeddable":true,"href":"https:\/\/face.unt.edu.ar\/web\/wp-json\/wp\/v2\/categories?post=6131"},{"taxonomy":"post_tag","embeddable":true,"href":"https:\/\/face.unt.edu.ar\/web\/wp-json\/wp\/v2\/tags?post=6131"}],"curies":[{"name":"wp","href":"https:\/\/api.w.org\/{rel}","templated":true}]}}