{"id":6145,"date":"2017-11-16T11:32:03","date_gmt":"2017-11-16T11:32:03","guid":{"rendered":"http:\/\/face.unt.edu.ar\/web\/?p=6145"},"modified":"2017-11-16T11:32:22","modified_gmt":"2017-11-16T11:32:22","slug":"curso-de-extension-neuromanagement-teoria-y-practica-en-la-gestion-2","status":"publish","type":"post","link":"https:\/\/face.unt.edu.ar\/web\/blog\/curso-de-extension-neuromanagement-teoria-y-practica-en-la-gestion-2\/","title":{"rendered":"Curso\u00a0de\u00a0Extensi\u00f3n\u00a0\u201cNeuromanagement: Teor\u00eda y Pr\u00e1ctica en la Gesti\u00f3n\u201d"},"content":{"rendered":"<p>A partir del 28 de Noviembre se dictar\u00e1 el\u00a0Curso\u00a0de\u00a0Extensi\u00f3n\u00a0<strong>\u201cNeuromanagement: Teor\u00eda y Pr\u00e1ctica en la Gesti\u00f3n\u201d<\/strong>, que estar\u00e1 a cargo de los docentes\u00a0<strong>Medina Galv\u00e1n Marcelo y Javier Antonio Garc\u00eda,<\/strong>\u00a0de\u00a0la C\u00e1tedra Contabilidad Gerencial de\u00a0la Facultad\u00a0de\u00a0Ciencias Econ\u00f3micas de la UNT.<\/p>\n<p>Se desarrollar\u00e1 en cuatro\u00a0encuentros los d\u00edas\u00a0<strong>28 y 30 de Noviembre, 5 y 7 de Diciembre, de\u00a018:30 a 21:30 horas.<\/strong><\/p>\n<p>La Neurociencia y su aplicaci\u00f3n en la administraci\u00f3n (neuromanagement) sumados a la Gesti\u00f3n de Capital Humano, determinan caminos a seguir para lograr una ventaja competitiva en organizaciones en donde las personas ya no son un costo sino una inversi\u00f3n (y factor cr\u00edtico en la prestaci\u00f3n de un servicio).<\/p>\n<p>La gesti\u00f3n empresarial nos permite utilizar de la manera m\u00e1s \u00f3ptima los recursos disponibles, para cumplir con los fines u objetivos propuestos.<\/p>\n<p>Sin duda, para aplicar en forma sin\u00e9rgica la neurociencia y la teor\u00eda de management, resulta de vital importancia que los especialistas en neurociencia piensen acerca del mundo de los negocios y, a su vez, que los hombres de negocios reflexionen acerca del mundo de la neurociencia.<\/p>\n<p>En este contexto, toman mucha importancia los conceptos de inteligencia emocional, aprendizaje, personalidad e integridad, entre otros. Resulta de vital importancia aprender a gestionar las habilidades personales e interpersonales en el contexto actual. Adem\u00e1s, el neuromanagement aporta valiosas herramientas para incrementar el desempe\u00f1o de los gerentes, tomadores de decisiones y participantes de la organizaci\u00f3n.<\/p>\n<p><strong>Contenidos<\/strong><\/p>\n<p><strong>UNIDAD N\u00b0 1: Introducci\u00f3n a la nueva gesti\u00f3n empresarial: Del Management al Neuromanagement<br \/>\n<\/strong><strong>UNIDAD N\u00b0 2: El rol de la Inteligencia y las Emociones en la Toma de Decisiones<br \/>\n<\/strong><strong>UNIDAD N\u00b0 3: Atenci\u00f3n y Memoria<br \/>\n<\/strong><strong>UNIDAD N\u00b0 4: La Gesti\u00f3n de la Creatividad y de las Ideas<\/strong><\/p>\n<p>El\u00a0curso\u00a0est\u00e1 destinado a estudiantes de la Facultad de Ciencias Econ\u00f3micas, emprendedores y empresarios. El costo del mismo es\u00a0de\u00a0$1200. Hasta el jueves\u00a023 de Noviembre, abonar\u00e1n con descuento por pago anticipado, la suma\u00a0de\u00a0$1100.<\/p>\n<table width=\"765\">\n<tbody>\n<tr>\n<td width=\"204\">Estudiantes<br \/>\nde la FACE<\/td>\n<td width=\"204\">Estudiantes de Posgrado<\/td>\n<td width=\"204\">Docentes y Personal de Apoyo de la FACE<\/td>\n<\/tr>\n<tr>\n<td width=\"204\">50% descuento<\/td>\n<td width=\"204\">30% descuento<\/td>\n<td width=\"204\">40% descuento<\/td>\n<\/tr>\n<\/tbody>\n<\/table>\n<p>Las inscripciones se realizan on-line:\u00a0<a href=\"http:\/\/bit.ly\/neuromanagement-2017\" target=\"_blank\" rel=\"noopener\">http:\/\/bit.ly\/neuromanagement-2017<\/a><\/p>\n<div>Por informes y por pago del arancel, los interesados pueden dirigirse a la Asociaci\u00f3n Cooperadora\u00a0de\u00a0la Facultad,\u00a0de\u00a0lunes a viernes\u00a0de\u00a08 a 12 horas y\u00a0de\u00a016 a 19:30 horas. Tambi\u00e9n pueden llamar al tel\u00e9fono 4107557 o enviar un correo electr\u00f3nico a\u00a0<a href=\"mailto:insadmi@face.unt.edu.ar\" target=\"_blank\" rel=\"noopener\">insadmi@face.unt.edu.ar<\/a>\u200b<\/div>\n<div><\/div>\n<div><a href=\"http:\/\/face.unt.edu.ar\/web\/wp-content\/uploads\/2017\/11\/Flyer-Neuromanagement-2017-1.jpg\"><img decoding=\"async\" loading=\"lazy\" class=\"wp-image-6140 aligncenter\" src=\"http:\/\/face.unt.edu.ar\/web\/wp-content\/uploads\/2017\/11\/Flyer-Neuromanagement-2017-1-178x300.jpg\" alt=\"\" width=\"323\" height=\"545\" srcset=\"https:\/\/face.unt.edu.ar\/web\/wp-content\/uploads\/2017\/11\/Flyer-Neuromanagement-2017-1-178x300.jpg 178w, https:\/\/face.unt.edu.ar\/web\/wp-content\/uploads\/2017\/11\/Flyer-Neuromanagement-2017-1-768x1297.jpg 768w, https:\/\/face.unt.edu.ar\/web\/wp-content\/uploads\/2017\/11\/Flyer-Neuromanagement-2017-1-606x1024.jpg 606w, https:\/\/face.unt.edu.ar\/web\/wp-content\/uploads\/2017\/11\/Flyer-Neuromanagement-2017-1.jpg 900w\" sizes=\"(max-width: 323px) 100vw, 323px\" \/><\/a><\/div>\n","protected":false},"excerpt":{"rendered":"<p>A partir del 28 de Noviembre se dictar\u00e1 el\u00a0Curso\u00a0de\u00a0Extensi\u00f3n\u00a0\u201cNeuromanagement: Teor\u00eda y Pr\u00e1ctica en la Gesti\u00f3n\u201d, que estar\u00e1 a cargo de los docentes\u00a0Medina Galv\u00e1n Marcelo y Javier Antonio Garc\u00eda,\u00a0de\u00a0la C\u00e1tedra Contabilidad Gerencial de\u00a0la Facultad\u00a0de\u00a0Ciencias Econ\u00f3micas de la UNT. Se desarrollar\u00e1 en cuatro\u00a0encuentros los d\u00edas\u00a028 y 30 de Noviembre, 5 y 7 de Diciembre, de\u00a018:30 a 21:30 [&hellip;]<\/p>\n","protected":false},"author":2,"featured_media":6141,"comment_status":"open","ping_status":"open","sticky":false,"template":"","format":"standard","meta":{"_et_pb_use_builder":"","_et_pb_old_content":"","_et_gb_content_width":"","footnotes":""},"categories":[4],"tags":[],"_links":{"self":[{"href":"https:\/\/face.unt.edu.ar\/web\/wp-json\/wp\/v2\/posts\/6145"}],"collection":[{"href":"https:\/\/face.unt.edu.ar\/web\/wp-json\/wp\/v2\/posts"}],"about":[{"href":"https:\/\/face.unt.edu.ar\/web\/wp-json\/wp\/v2\/types\/post"}],"author":[{"embeddable":true,"href":"https:\/\/face.unt.edu.ar\/web\/wp-json\/wp\/v2\/users\/2"}],"replies":[{"embeddable":true,"href":"https:\/\/face.unt.edu.ar\/web\/wp-json\/wp\/v2\/comments?post=6145"}],"version-history":[{"count":1,"href":"https:\/\/face.unt.edu.ar\/web\/wp-json\/wp\/v2\/posts\/6145\/revisions"}],"predecessor-version":[{"id":6146,"href":"https:\/\/face.unt.edu.ar\/web\/wp-json\/wp\/v2\/posts\/6145\/revisions\/6146"}],"wp:featuredmedia":[{"embeddable":true,"href":"https:\/\/face.unt.edu.ar\/web\/wp-json\/wp\/v2\/media\/6141"}],"wp:attachment":[{"href":"https:\/\/face.unt.edu.ar\/web\/wp-json\/wp\/v2\/media?parent=6145"}],"wp:term":[{"taxonomy":"category","embeddable":true,"href":"https:\/\/face.unt.edu.ar\/web\/wp-json\/wp\/v2\/categories?post=6145"},{"taxonomy":"post_tag","embeddable":true,"href":"https:\/\/face.unt.edu.ar\/web\/wp-json\/wp\/v2\/tags?post=6145"}],"curies":[{"name":"wp","href":"https:\/\/api.w.org\/{rel}","templated":true}]}}