{"id":6249,"date":"2017-12-11T14:27:31","date_gmt":"2017-12-11T14:27:31","guid":{"rendered":"http:\/\/face.unt.edu.ar\/web\/?p=6249"},"modified":"2017-12-11T14:27:50","modified_gmt":"2017-12-11T14:27:50","slug":"conferencia-abierta-sobre-el-proyecto-de-reforma-tributaria-nacional","status":"publish","type":"post","link":"https:\/\/face.unt.edu.ar\/web\/blog\/conferencia-abierta-sobre-el-proyecto-de-reforma-tributaria-nacional\/","title":{"rendered":"Conferencia abierta sobre \u00abEl proyecto de Reforma Tributaria Nacional\u201d"},"content":{"rendered":"<p>El Centro de Graduados de la Facultad de Ciencias Econ\u00f3micas de la UNT invita a profesionales, docentes, estudiantes y p\u00fablico en general, a participar de la <strong>Conferencia abierta sobre<\/strong> <strong>\u00abEl proyecto de Reforma Tributaria Nacional: su impacto en las Provincias y Empresas\u00bb<\/strong>, que estar\u00e1 a cargo del Especialista en Tributaci\u00f3n <strong>Agust\u00edn Zeppa.<\/strong><\/p>\n<p>La Conferencia tendr\u00e1 lugar este jueves 14 de Diciembre, a las 18:00 horas, en el aula 1 de nuestra Facultad.<\/p>\n<p>La inscripci\u00f3n es gratuita ingresando al siguiente link:<a href=\"https:\/\/www.eventbrite.com.ar\/e\/el-proyecto-de-reforma-tributaria-nacional-su-impacto-en-las-provincias-y-empresas-tickets-41200360387?aff=es2\" target=\"_blank\" rel=\"noopener\"> Inscripci\u00f3n Conferencia sobre \u00abEl proyecto de Reforma Tributaria Nacional\u201d<\/a><\/p>\n<p>Cabe destacar que Agust\u00edn Zeppa es titular del Estudio Zeppa y Asociados, Asesor Impositivo del SIPOROSA y Tesorero del Colegio de Graduados en ciencias Econ\u00f3micas de Tucum\u00e1n.<\/p>\n<p><a href=\"http:\/\/face.unt.edu.ar\/web\/wp-content\/uploads\/2017\/12\/WhatsApp-Image-2017-12-09-at-19.09.41.jpeg\"><img decoding=\"async\" loading=\"lazy\" class=\" wp-image-6251 aligncenter\" src=\"http:\/\/face.unt.edu.ar\/web\/wp-content\/uploads\/2017\/12\/WhatsApp-Image-2017-12-09-at-19.09.41-225x300.jpeg\" alt=\"\" width=\"366\" height=\"488\" srcset=\"https:\/\/face.unt.edu.ar\/web\/wp-content\/uploads\/2017\/12\/WhatsApp-Image-2017-12-09-at-19.09.41-225x300.jpeg 225w, https:\/\/face.unt.edu.ar\/web\/wp-content\/uploads\/2017\/12\/WhatsApp-Image-2017-12-09-at-19.09.41-768x1024.jpeg 768w, https:\/\/face.unt.edu.ar\/web\/wp-content\/uploads\/2017\/12\/WhatsApp-Image-2017-12-09-at-19.09.41.jpeg 960w\" sizes=\"(max-width: 366px) 100vw, 366px\" \/><\/a><\/p>\n","protected":false},"excerpt":{"rendered":"<p>El Centro de Graduados de la Facultad de Ciencias Econ\u00f3micas de la UNT invita a profesionales, docentes, estudiantes y p\u00fablico en general, a participar de la Conferencia abierta sobre \u00abEl proyecto de Reforma Tributaria Nacional: su impacto en las Provincias y Empresas\u00bb, que estar\u00e1 a cargo del Especialista en Tributaci\u00f3n Agust\u00edn Zeppa. La Conferencia tendr\u00e1 [&hellip;]<\/p>\n","protected":false},"author":2,"featured_media":6250,"comment_status":"open","ping_status":"open","sticky":false,"template":"","format":"standard","meta":{"_et_pb_use_builder":"","_et_pb_old_content":"","_et_gb_content_width":"","footnotes":""},"categories":[4],"tags":[],"_links":{"self":[{"href":"https:\/\/face.unt.edu.ar\/web\/wp-json\/wp\/v2\/posts\/6249"}],"collection":[{"href":"https:\/\/face.unt.edu.ar\/web\/wp-json\/wp\/v2\/posts"}],"about":[{"href":"https:\/\/face.unt.edu.ar\/web\/wp-json\/wp\/v2\/types\/post"}],"author":[{"embeddable":true,"href":"https:\/\/face.unt.edu.ar\/web\/wp-json\/wp\/v2\/users\/2"}],"replies":[{"embeddable":true,"href":"https:\/\/face.unt.edu.ar\/web\/wp-json\/wp\/v2\/comments?post=6249"}],"version-history":[{"count":1,"href":"https:\/\/face.unt.edu.ar\/web\/wp-json\/wp\/v2\/posts\/6249\/revisions"}],"predecessor-version":[{"id":6252,"href":"https:\/\/face.unt.edu.ar\/web\/wp-json\/wp\/v2\/posts\/6249\/revisions\/6252"}],"wp:featuredmedia":[{"embeddable":true,"href":"https:\/\/face.unt.edu.ar\/web\/wp-json\/wp\/v2\/media\/6250"}],"wp:attachment":[{"href":"https:\/\/face.unt.edu.ar\/web\/wp-json\/wp\/v2\/media?parent=6249"}],"wp:term":[{"taxonomy":"category","embeddable":true,"href":"https:\/\/face.unt.edu.ar\/web\/wp-json\/wp\/v2\/categories?post=6249"},{"taxonomy":"post_tag","embeddable":true,"href":"https:\/\/face.unt.edu.ar\/web\/wp-json\/wp\/v2\/tags?post=6249"}],"curies":[{"name":"wp","href":"https:\/\/api.w.org\/{rel}","templated":true}]}}