{"id":6270,"date":"2017-12-27T15:03:16","date_gmt":"2017-12-27T15:03:16","guid":{"rendered":"http:\/\/face.unt.edu.ar\/web\/?p=6270"},"modified":"2017-12-27T15:13:27","modified_gmt":"2017-12-27T15:13:27","slug":"examenes-de-marzo-2018-primer-y-segundo-llamado","status":"publish","type":"post","link":"https:\/\/face.unt.edu.ar\/web\/blog\/examenes-de-marzo-2018-primer-y-segundo-llamado\/","title":{"rendered":"Ex\u00e1menes de Marzo 2018 \u2013 Primer y Segundo llamado"},"content":{"rendered":"<p>La Facultad de Ciencias Econ\u00f3micas de la Universidad Nacional de Tucum\u00e1n da a conocer las fechas en que tendr\u00e1n lugar las\u00a0<strong>Mesas de Ex\u00e1menes de Marzo 2018<\/strong>.<\/p>\n<p>Seg\u00fan lo establecido por la Resoluci\u00f3n 834-D-17, el Primer llamado correspondiente a los ex\u00e1menes de Marzo 2018, para las carreras de Contador P\u00fablico Nacional, Licenciado en Econom\u00eda y Licenciado en Administraci\u00f3n; se desarrollar\u00e1n los d\u00edas\u00a0<strong>14, 15, 16 y 17 de Febrero 2018<\/strong>.<\/p>\n<p>Por otro lado, a partir de lo que establece la misma Resoluci\u00f3n, el\u00a0<strong>Segundo llamado<\/strong>\u00a0correspondiente a los ex\u00e1menes de Marzo 2018, para las carreras de Contador P\u00fablico Nacional, Licenciado en Econom\u00eda y Licenciado en Administraci\u00f3n; se desarrollar\u00e1n los d\u00edas\u00a0<strong>05, 06, 07 y 08 de Marzo 2018<\/strong>.<\/p>\n<p>Se adjunta la Resoluci\u00f3n, antes mencionada, donde est\u00e1 el detalle de los tribunales examinadores en cada asignatura, con fecha y horario correspondiente.<\/p>\n<p><a href=\"https:\/\/drive.google.com\/file\/d\/0BwZE7DzLP04YVS1UMjVrMlNodC1ScXJqenpMOEdYS2Y0dVl3\/view?usp=sharing\" target=\"_blank\" rel=\"noopener\">Descargar Resoluci\u00f3n 834-D-17 de\u00a0\u00a0<strong>Mesas de Ex\u00e1menes de Marzo 2018, haciendo click aqu\u00ed.<\/strong><\/a><\/p>\n<p><strong>\u00a0<\/strong>Cabe destacar que la<strong> inscripci\u00f3n <\/strong>correspondiente al<strong> Primer llamado <\/strong>se realizar\u00e1 los d\u00edas<strong> 05 y 06 de Febrero 2018. <\/strong>Mientras que para el<strong> Segundo llamado <\/strong>la<strong> inscripci\u00f3n<\/strong> se habilitar\u00e1<strong>\u00a0<\/strong>los d\u00edas<strong> 27 y 28 de Febrero 2018. <\/strong><\/p>\n","protected":false},"excerpt":{"rendered":"<p>La Facultad de Ciencias Econ\u00f3micas de la Universidad Nacional de Tucum\u00e1n da a conocer las fechas en que tendr\u00e1n lugar las\u00a0Mesas de Ex\u00e1menes de Marzo 2018. Seg\u00fan lo establecido por la Resoluci\u00f3n 834-D-17, el Primer llamado correspondiente a los ex\u00e1menes de Marzo 2018, para las carreras de Contador P\u00fablico Nacional, Licenciado en Econom\u00eda y Licenciado [&hellip;]<\/p>\n","protected":false},"author":2,"featured_media":6132,"comment_status":"open","ping_status":"open","sticky":false,"template":"","format":"standard","meta":{"_et_pb_use_builder":"","_et_pb_old_content":"","_et_gb_content_width":"","footnotes":""},"categories":[4],"tags":[],"_links":{"self":[{"href":"https:\/\/face.unt.edu.ar\/web\/wp-json\/wp\/v2\/posts\/6270"}],"collection":[{"href":"https:\/\/face.unt.edu.ar\/web\/wp-json\/wp\/v2\/posts"}],"about":[{"href":"https:\/\/face.unt.edu.ar\/web\/wp-json\/wp\/v2\/types\/post"}],"author":[{"embeddable":true,"href":"https:\/\/face.unt.edu.ar\/web\/wp-json\/wp\/v2\/users\/2"}],"replies":[{"embeddable":true,"href":"https:\/\/face.unt.edu.ar\/web\/wp-json\/wp\/v2\/comments?post=6270"}],"version-history":[{"count":4,"href":"https:\/\/face.unt.edu.ar\/web\/wp-json\/wp\/v2\/posts\/6270\/revisions"}],"predecessor-version":[{"id":6274,"href":"https:\/\/face.unt.edu.ar\/web\/wp-json\/wp\/v2\/posts\/6270\/revisions\/6274"}],"wp:featuredmedia":[{"embeddable":true,"href":"https:\/\/face.unt.edu.ar\/web\/wp-json\/wp\/v2\/media\/6132"}],"wp:attachment":[{"href":"https:\/\/face.unt.edu.ar\/web\/wp-json\/wp\/v2\/media?parent=6270"}],"wp:term":[{"taxonomy":"category","embeddable":true,"href":"https:\/\/face.unt.edu.ar\/web\/wp-json\/wp\/v2\/categories?post=6270"},{"taxonomy":"post_tag","embeddable":true,"href":"https:\/\/face.unt.edu.ar\/web\/wp-json\/wp\/v2\/tags?post=6270"}],"curies":[{"name":"wp","href":"https:\/\/api.w.org\/{rel}","templated":true}]}}