{"id":6281,"date":"2018-02-14T17:36:13","date_gmt":"2018-02-14T17:36:13","guid":{"rendered":"http:\/\/face.unt.edu.ar\/web\/?p=6281"},"modified":"2018-02-14T17:36:59","modified_gmt":"2018-02-14T17:36:59","slug":"en-marzo-se-realiza-el-ii-congreso-de-administracion-del-jardin-de-la-republica","status":"publish","type":"post","link":"https:\/\/face.unt.edu.ar\/web\/blog\/en-marzo-se-realiza-el-ii-congreso-de-administracion-del-jardin-de-la-republica\/","title":{"rendered":"En Marzo se realiza el II\u00a0Congreso de Administraci\u00f3n del Jard\u00edn de la Rep\u00fablica"},"content":{"rendered":"<p style=\"font-weight: 400\">Recordamos que nuestra Facultad ser\u00e1 sede del\u00a0<strong>II\u00a0Congreso de Administraci\u00f3n del Jard\u00edn de la Rep\u00fablica &#8211; Encuentro Regional ADENAG &#8211; NOA<\/strong>, que se realizar\u00e1 durante los d\u00edas\u00a0<strong>22 y 23 de Marzo de 2018<\/strong>, bajo el lema\u00a0<strong><em>\u201cA 100 a\u00f1os de la Reforma, caminemos juntos para consolidar la educaci\u00f3n en el Norte Argentino\u201d.<\/em><\/strong><!--more--><\/p>\n<p style=\"font-weight: 400\">En el encuentro se presentar\u00e1n diversos trabajos cient\u00edficos y acad\u00e9micos, referidos a la Ciencia Administrativa en relaci\u00f3n con la Docencia, Investigaci\u00f3n y Extensi\u00f3n. \u00a0Adem\u00e1s de las conferencias y otras actividades que se desarrollar\u00e1n, habr\u00e1 una exposici\u00f3n de Posters de los trabajos presentados por los expositores, espacio que pretende dar lugar al intercambio\u00a0con otros investigadores y el p\u00fablico asistente<strong>. \u00a0\u00a0<\/strong><\/p>\n<p style=\"font-weight: 400\">Cabe destacar que, para quienes est\u00e9n interesados en participar como expositores,\u00a0<strong>la fecha l\u00edmite de presentaci\u00f3n de trabajos cient\u00edficos es el 02 de Marzo de 2018.<\/strong><\/p>\n<p style=\"font-weight: 400\">Los trabajos deber\u00e1n enviarse v\u00eda correo electr\u00f3nico a\u00a0<strong><a href=\"mailto:trabajoscongresojardin@face.unt.edu.ar\">trabajoscongresojardin@face.unt.edu.ar<\/a><\/strong>,\u00a0especificando en\u00a0<strong>ASUNTO<\/strong>: PONENCIA y\/o P\u00d3STER.<\/p>\n<p style=\"font-weight: 400\">La evaluaci\u00f3n de los mismos ser\u00e1 hasta el 14 de Marzo y los resultados se comunicar\u00e1n el 16 del mismo mes.<\/p>\n<p style=\"font-weight: 400\">Asimismo, informamos los valores del Congreso y las formas de pago.<\/p>\n<p style=\"font-weight: 400\"><a href=\"http:\/\/64104.track.dattanet.com\/track\/click?u=1423197&amp;p=36343130343a3533373a303a303a333a31&amp;s=06cd000961f65f608a8b3147084067e1&amp;m=446\"><strong>Para acceder al link de Inscripci\u00f3n hacer click aqu\u00ed<\/strong><\/a><\/p>\n<p style=\"font-weight: 400\">Adjuntamos Segunda Circular con detalles.<\/p>\n<p style=\"font-weight: 400\"><strong>\u00a0\u00a0<a href=\"http:\/\/64104.track.dattanet.com\/track\/click?u=1423198&amp;p=36343130343a3533373a303a303a343a31&amp;s=06cd000961f65f608a8b3147084067e1&amp;m=446\" target=\"_blank\" rel=\"noopener\">Descargar aqu\u00ed la Segunda Circular<\/a>\u00a0 \u00a0\u00a0<\/strong><\/p>\n<p style=\"font-weight: 400\">Por m\u00e1s informaci\u00f3n pueden comunicarse a\u00a0<a href=\"mailto:infocongresojardin@face.unt.edu.ar\" target=\"_blank\" rel=\"noopener\">infocongresojardin@face.unt.edu.ar<\/a><\/p>\n<p><a href=\"http:\/\/face.unt.edu.ar\/web\/wp-content\/uploads\/2018\/02\/Valores-Congreso-2.jpg\"><img decoding=\"async\" loading=\"lazy\" class=\" wp-image-6282 aligncenter\" src=\"http:\/\/face.unt.edu.ar\/web\/wp-content\/uploads\/2018\/02\/Valores-Congreso-2-212x300.jpg\" alt=\"\" width=\"577\" height=\"816\" srcset=\"https:\/\/face.unt.edu.ar\/web\/wp-content\/uploads\/2018\/02\/Valores-Congreso-2-212x300.jpg 212w, https:\/\/face.unt.edu.ar\/web\/wp-content\/uploads\/2018\/02\/Valores-Congreso-2-768x1086.jpg 768w, https:\/\/face.unt.edu.ar\/web\/wp-content\/uploads\/2018\/02\/Valores-Congreso-2-724x1024.jpg 724w, https:\/\/face.unt.edu.ar\/web\/wp-content\/uploads\/2018\/02\/Valores-Congreso-2.jpg 1588w\" sizes=\"(max-width: 577px) 100vw, 577px\" \/><\/a><\/p>\n","protected":false},"excerpt":{"rendered":"<p>Recordamos que nuestra Facultad ser\u00e1 sede del\u00a0II\u00a0Congreso de Administraci\u00f3n del Jard\u00edn de la Rep\u00fablica &#8211; Encuentro Regional ADENAG &#8211; NOA, que se realizar\u00e1 durante los d\u00edas\u00a022 y 23 de Marzo de 2018, bajo el lema\u00a0\u201cA 100 a\u00f1os de la Reforma, caminemos juntos para consolidar la educaci\u00f3n en el Norte Argentino\u201d.<\/p>\n","protected":false},"author":2,"featured_media":6283,"comment_status":"open","ping_status":"open","sticky":false,"template":"","format":"standard","meta":{"_et_pb_use_builder":"","_et_pb_old_content":"","_et_gb_content_width":"","footnotes":""},"categories":[4],"tags":[214,36],"_links":{"self":[{"href":"https:\/\/face.unt.edu.ar\/web\/wp-json\/wp\/v2\/posts\/6281"}],"collection":[{"href":"https:\/\/face.unt.edu.ar\/web\/wp-json\/wp\/v2\/posts"}],"about":[{"href":"https:\/\/face.unt.edu.ar\/web\/wp-json\/wp\/v2\/types\/post"}],"author":[{"embeddable":true,"href":"https:\/\/face.unt.edu.ar\/web\/wp-json\/wp\/v2\/users\/2"}],"replies":[{"embeddable":true,"href":"https:\/\/face.unt.edu.ar\/web\/wp-json\/wp\/v2\/comments?post=6281"}],"version-history":[{"count":2,"href":"https:\/\/face.unt.edu.ar\/web\/wp-json\/wp\/v2\/posts\/6281\/revisions"}],"predecessor-version":[{"id":6285,"href":"https:\/\/face.unt.edu.ar\/web\/wp-json\/wp\/v2\/posts\/6281\/revisions\/6285"}],"wp:featuredmedia":[{"embeddable":true,"href":"https:\/\/face.unt.edu.ar\/web\/wp-json\/wp\/v2\/media\/6283"}],"wp:attachment":[{"href":"https:\/\/face.unt.edu.ar\/web\/wp-json\/wp\/v2\/media?parent=6281"}],"wp:term":[{"taxonomy":"category","embeddable":true,"href":"https:\/\/face.unt.edu.ar\/web\/wp-json\/wp\/v2\/categories?post=6281"},{"taxonomy":"post_tag","embeddable":true,"href":"https:\/\/face.unt.edu.ar\/web\/wp-json\/wp\/v2\/tags?post=6281"}],"curies":[{"name":"wp","href":"https:\/\/api.w.org\/{rel}","templated":true}]}}