{"id":6316,"date":"2018-02-21T16:53:01","date_gmt":"2018-02-21T16:53:01","guid":{"rendered":"http:\/\/face.unt.edu.ar\/web\/?p=6316"},"modified":"2018-02-21T18:29:45","modified_gmt":"2018-02-21T18:29:45","slug":"el-programa-de-radio-de-nuestra-facultad-inicia-su-tercera-temporada-en-radio-universidad","status":"publish","type":"post","link":"https:\/\/face.unt.edu.ar\/web\/blog\/el-programa-de-radio-de-nuestra-facultad-inicia-su-tercera-temporada-en-radio-universidad\/","title":{"rendered":"El programa de radio de nuestra Facultad inicia su tercera temporada en Radio Universidad"},"content":{"rendered":"<p>Con Valor Agregado, el programa de la\u00a0Facultad de Ciencias Econ\u00f3micas\u00a0 de la UNT, inicia en este 2018 su tercera temporada en Radio Universidad.<br \/>\nEl programa se emite en vivo todos los mi\u00e9rcoles, de\u00a018:00 a 19:00 horas en la frecuencia\u00a0FM 94.7.<\/p>\n<p>Se trata de un espacio radial generado por la Facultad, con el fin de establecer un vinculo directo con la sociedad, poniendo a su disposici\u00f3n las diferentes visiones de nuestros profesionales, acerca de la realidad que nos atraviesa.<\/p>\n<p>A lo largo de una hora de duraci\u00f3n, \u00abCon Valor Agregado\u00bb presenta comentarios de actualidad, entrevistas e informaci\u00f3n de los hechos m\u00e1s destacados tanto en lo acad\u00e9mico como en la econom\u00eda, la administraci\u00f3n y las finanzas. Tambi\u00e9n, destacados profesionales e invitados especiales desarrollan el an\u00e1lisis econ\u00f3mico del momento.<\/p>\n<p>En esta ocasi\u00f3n hacemos extensiva la invitaci\u00f3n\u00a0a todos los integrantes de la comunidad de esta Casa de Estudios: docentes, alumnos, personal administrativo y de apoyo, a participar del programa que tambi\u00e9n abre un canal de difusi\u00f3n de las distintas actividades que se realizan.<\/p>\n<p>Quienes est\u00e9n interesados en ser parte de nuestro programa pueden comunicarse al correo electr\u00f3nico noticias@face.unt.edu.ar<\/p>\n<p>&nbsp;<\/p>\n<p>&nbsp;<\/p>\n","protected":false},"excerpt":{"rendered":"<p>Con Valor Agregado, el programa de la\u00a0Facultad de Ciencias Econ\u00f3micas\u00a0 de la UNT, inicia en este 2018 su tercera temporada en Radio Universidad. El programa se emite en vivo todos los mi\u00e9rcoles, de\u00a018:00 a 19:00 horas en la frecuencia\u00a0FM 94.7. Se trata de un espacio radial generado por la Facultad, con el fin de establecer [&hellip;]<\/p>\n","protected":false},"author":3,"featured_media":6317,"comment_status":"open","ping_status":"open","sticky":false,"template":"","format":"standard","meta":{"_et_pb_use_builder":"","_et_pb_old_content":"","_et_gb_content_width":"","footnotes":""},"categories":[4],"tags":[],"_links":{"self":[{"href":"https:\/\/face.unt.edu.ar\/web\/wp-json\/wp\/v2\/posts\/6316"}],"collection":[{"href":"https:\/\/face.unt.edu.ar\/web\/wp-json\/wp\/v2\/posts"}],"about":[{"href":"https:\/\/face.unt.edu.ar\/web\/wp-json\/wp\/v2\/types\/post"}],"author":[{"embeddable":true,"href":"https:\/\/face.unt.edu.ar\/web\/wp-json\/wp\/v2\/users\/3"}],"replies":[{"embeddable":true,"href":"https:\/\/face.unt.edu.ar\/web\/wp-json\/wp\/v2\/comments?post=6316"}],"version-history":[{"count":3,"href":"https:\/\/face.unt.edu.ar\/web\/wp-json\/wp\/v2\/posts\/6316\/revisions"}],"predecessor-version":[{"id":6319,"href":"https:\/\/face.unt.edu.ar\/web\/wp-json\/wp\/v2\/posts\/6316\/revisions\/6319"}],"wp:featuredmedia":[{"embeddable":true,"href":"https:\/\/face.unt.edu.ar\/web\/wp-json\/wp\/v2\/media\/6317"}],"wp:attachment":[{"href":"https:\/\/face.unt.edu.ar\/web\/wp-json\/wp\/v2\/media?parent=6316"}],"wp:term":[{"taxonomy":"category","embeddable":true,"href":"https:\/\/face.unt.edu.ar\/web\/wp-json\/wp\/v2\/categories?post=6316"},{"taxonomy":"post_tag","embeddable":true,"href":"https:\/\/face.unt.edu.ar\/web\/wp-json\/wp\/v2\/tags?post=6316"}],"curies":[{"name":"wp","href":"https:\/\/api.w.org\/{rel}","templated":true}]}}