{"id":6446,"date":"2018-03-12T23:57:12","date_gmt":"2018-03-12T23:57:12","guid":{"rendered":"http:\/\/face.unt.edu.ar\/web\/?p=6446"},"modified":"2018-03-12T23:57:12","modified_gmt":"2018-03-12T23:57:12","slug":"nueva-charla-informativa-sobre-la-maestria-en-administracion","status":"publish","type":"post","link":"https:\/\/face.unt.edu.ar\/web\/blog\/nueva-charla-informativa-sobre-la-maestria-en-administracion\/","title":{"rendered":"Nueva Charla Informativa sobre la Maestr\u00eda en Administraci\u00f3n"},"content":{"rendered":"<p class=\"x_MsoNormal\">Invitamos a participar de la <strong>Charla informativa<\/strong> sobre la carrera de Posgrado <strong>Maestr\u00eda en Administraci\u00f3n<\/strong>, que se dicta en nuestra Facultad.<\/p>\n<p class=\"x_MsoNormal\">Se llevar\u00e1 a cabo ma\u00f1ana, <strong>martes 13 de Marzo, a las 20:00 horas, en el Aula 16<\/strong> de nuestra Casa de Estudios. Estar\u00e1 a cargo de su director, el Dr. Julio Soria.<\/p>\n<p class=\"x_MsoNormal\">La charla<strong> es abierta al p\u00fablico<\/strong> y no requiere de inscripci\u00f3n previa. Se realiza con la intenci\u00f3n de despejar las inquietudes acerca de esta carrera en su Programa 2018\/2019.<\/p>\n<p class=\"x_MsoNormal\"><b>Sobre la carrera<\/b><\/p>\n<p>La\u00a0 Maestr\u00eda en Administraci\u00f3n es una respuesta acad\u00e9mica a las necesidades que demandan, en la actualidad, el entorno de los negocios del mundo empresarial y los j\u00f3venes profesionales que\u00a0 necesitan herramientas, conceptos y metodolog\u00edas\u00a0 para aplicar en sus respectivos entornos de trabajo.<br \/>\nDicha formaci\u00f3n tiene caracter\u00edsticas asim\u00e9tricas y transversales, es decir, busca un sesgo diferenciador al proporcionar un mix de competencias y habilidades gerenciales o directivas pero fuertemente complementadas con una visi\u00f3n global y \u00e9tica ,de modo que en la madurez de la formaci\u00f3n acad\u00e9mica, estos nuevos graduados de la maestr\u00eda al ejercer sus futuras responsabilidades directivas, sean un ejemplo evidente de ejercicio de un liderazgo corporativo con sensibilidad hacia las relaciones humanas e interpersonales, desde la organizaci\u00f3n interna y al momento de interactuar con todos los stakeholders interesados en la competitividad y los resultados empresariales de dichas organizaciones.<\/p>\n","protected":false},"excerpt":{"rendered":"<p>Invitamos a participar de la Charla informativa sobre la carrera de Posgrado Maestr\u00eda en Administraci\u00f3n, que se dicta en nuestra Facultad. Se llevar\u00e1 a cabo ma\u00f1ana, martes 13 de Marzo, a las 20:00 horas, en el Aula 16 de nuestra Casa de Estudios. Estar\u00e1 a cargo de su director, el Dr. Julio Soria. La charla [&hellip;]<\/p>\n","protected":false},"author":2,"featured_media":6447,"comment_status":"open","ping_status":"open","sticky":false,"template":"","format":"standard","meta":{"_et_pb_use_builder":"","_et_pb_old_content":"","_et_gb_content_width":"","footnotes":""},"categories":[4],"tags":[],"_links":{"self":[{"href":"https:\/\/face.unt.edu.ar\/web\/wp-json\/wp\/v2\/posts\/6446"}],"collection":[{"href":"https:\/\/face.unt.edu.ar\/web\/wp-json\/wp\/v2\/posts"}],"about":[{"href":"https:\/\/face.unt.edu.ar\/web\/wp-json\/wp\/v2\/types\/post"}],"author":[{"embeddable":true,"href":"https:\/\/face.unt.edu.ar\/web\/wp-json\/wp\/v2\/users\/2"}],"replies":[{"embeddable":true,"href":"https:\/\/face.unt.edu.ar\/web\/wp-json\/wp\/v2\/comments?post=6446"}],"version-history":[{"count":1,"href":"https:\/\/face.unt.edu.ar\/web\/wp-json\/wp\/v2\/posts\/6446\/revisions"}],"predecessor-version":[{"id":6448,"href":"https:\/\/face.unt.edu.ar\/web\/wp-json\/wp\/v2\/posts\/6446\/revisions\/6448"}],"wp:featuredmedia":[{"embeddable":true,"href":"https:\/\/face.unt.edu.ar\/web\/wp-json\/wp\/v2\/media\/6447"}],"wp:attachment":[{"href":"https:\/\/face.unt.edu.ar\/web\/wp-json\/wp\/v2\/media?parent=6446"}],"wp:term":[{"taxonomy":"category","embeddable":true,"href":"https:\/\/face.unt.edu.ar\/web\/wp-json\/wp\/v2\/categories?post=6446"},{"taxonomy":"post_tag","embeddable":true,"href":"https:\/\/face.unt.edu.ar\/web\/wp-json\/wp\/v2\/tags?post=6446"}],"curies":[{"name":"wp","href":"https:\/\/api.w.org\/{rel}","templated":true}]}}