{"id":6449,"date":"2018-03-13T10:38:12","date_gmt":"2018-03-13T10:38:12","guid":{"rendered":"http:\/\/face.unt.edu.ar\/web\/?p=6449"},"modified":"2018-03-13T10:43:11","modified_gmt":"2018-03-13T10:43:11","slug":"programa-de-actividades-del-ii-congreso-de-administracion-del-jardin-de-la-republica","status":"publish","type":"post","link":"https:\/\/face.unt.edu.ar\/web\/blog\/programa-de-actividades-del-ii-congreso-de-administracion-del-jardin-de-la-republica\/","title":{"rendered":"Cronograma de actividades del II Congreso de Administraci\u00f3n del Jard\u00edn de la Rep\u00fablica"},"content":{"rendered":"<p style=\"font-weight: 400\">Les recordamos que los d\u00edas\u00a0<strong>22 y 23 de Marzo<\/strong>, nuestra Facultad ser\u00e1 sede del\u00a0<strong>II\u00a0Congreso de Administraci\u00f3n del Jard\u00edn de la Rep\u00fablica &#8211; Encuentro Regional ADENAG &#8211; NOA<\/strong>, que se realizar\u00e1 bajo el lema\u00a0<strong><em>\u201cA 100 a\u00f1os de la Reforma, caminemos juntos para consolidar la educaci\u00f3n en el Norte Argentino\u201d.<\/em><\/strong><\/p>\n<p style=\"font-weight: 400\">Si bien estamos en periodo de evaluaci\u00f3n de los trabajos que se presentar\u00e1n en el encuentro (hasta el 14 de Marzo), los resultados se comunicar\u00e1n el 16 de este mes.<\/p>\n<p style=\"font-weight: 400\">A continuaci\u00f3n,\u00a0<strong>enviamos en archivo adjunto el Programa de actividades del Congreso.\u00a0<\/strong><\/p>\n<p style=\"font-weight: 400\">Tambi\u00e9n, el link de inscripci\u00f3n, y los nuevos aranceles.<\/p>\n<p><a href=\"http:\/\/64104.asset.dattanet.com\/web_public_shared\/attached\/64104\/programa_congreso_jardin_2018.pdf\" target=\"_blank\" rel=\"noopener\"><strong>Descargar aqu\u00ed el Programa de actividades del Congreso<\/strong><\/a><\/p>\n<p style=\"font-weight: 400\"><a href=\"http:\/\/face.unt.edu.ar\/web\/congresodeljardin\/inscripcion\/\" target=\"_blank\" rel=\"noopener\">Link de inscripci\u00f3n &#8211; Hacer click aqu\u00ed<\/a><\/p>\n<p style=\"font-weight: 400\"><strong>Aranceles:<\/strong><\/p>\n<p style=\"font-weight: 400\">&#8211; Docentes: $700<\/p>\n<p style=\"font-weight: 400\">&#8211; P\u00fablico en general: $850<\/p>\n<p style=\"font-weight: 400\">&#8211; Estudiantes: $300<\/p>\n<p>&nbsp;<\/p>\n<p><a href=\"http:\/\/face.unt.edu.ar\/web\/wp-content\/uploads\/2018\/03\/unnamed.jpg\"><img decoding=\"async\" loading=\"lazy\" class=\" wp-image-6452 aligncenter\" src=\"http:\/\/face.unt.edu.ar\/web\/wp-content\/uploads\/2018\/03\/unnamed-282x300.jpg\" alt=\"\" width=\"544\" height=\"578\" srcset=\"https:\/\/face.unt.edu.ar\/web\/wp-content\/uploads\/2018\/03\/unnamed-282x300.jpg 282w, https:\/\/face.unt.edu.ar\/web\/wp-content\/uploads\/2018\/03\/unnamed-768x816.jpg 768w, https:\/\/face.unt.edu.ar\/web\/wp-content\/uploads\/2018\/03\/unnamed.jpg 900w\" sizes=\"(max-width: 544px) 100vw, 544px\" \/><\/a><\/p>\n","protected":false},"excerpt":{"rendered":"<p>Les recordamos que los d\u00edas\u00a022 y 23 de Marzo, nuestra Facultad ser\u00e1 sede del\u00a0II\u00a0Congreso de Administraci\u00f3n del Jard\u00edn de la Rep\u00fablica &#8211; Encuentro Regional ADENAG &#8211; NOA, que se realizar\u00e1 bajo el lema\u00a0\u201cA 100 a\u00f1os de la Reforma, caminemos juntos para consolidar la educaci\u00f3n en el Norte Argentino\u201d. Si bien estamos en periodo de evaluaci\u00f3n [&hellip;]<\/p>\n","protected":false},"author":2,"featured_media":6283,"comment_status":"open","ping_status":"open","sticky":false,"template":"","format":"standard","meta":{"_et_pb_use_builder":"","_et_pb_old_content":"","_et_gb_content_width":"","footnotes":""},"categories":[4],"tags":[214],"_links":{"self":[{"href":"https:\/\/face.unt.edu.ar\/web\/wp-json\/wp\/v2\/posts\/6449"}],"collection":[{"href":"https:\/\/face.unt.edu.ar\/web\/wp-json\/wp\/v2\/posts"}],"about":[{"href":"https:\/\/face.unt.edu.ar\/web\/wp-json\/wp\/v2\/types\/post"}],"author":[{"embeddable":true,"href":"https:\/\/face.unt.edu.ar\/web\/wp-json\/wp\/v2\/users\/2"}],"replies":[{"embeddable":true,"href":"https:\/\/face.unt.edu.ar\/web\/wp-json\/wp\/v2\/comments?post=6449"}],"version-history":[{"count":3,"href":"https:\/\/face.unt.edu.ar\/web\/wp-json\/wp\/v2\/posts\/6449\/revisions"}],"predecessor-version":[{"id":6453,"href":"https:\/\/face.unt.edu.ar\/web\/wp-json\/wp\/v2\/posts\/6449\/revisions\/6453"}],"wp:featuredmedia":[{"embeddable":true,"href":"https:\/\/face.unt.edu.ar\/web\/wp-json\/wp\/v2\/media\/6283"}],"wp:attachment":[{"href":"https:\/\/face.unt.edu.ar\/web\/wp-json\/wp\/v2\/media?parent=6449"}],"wp:term":[{"taxonomy":"category","embeddable":true,"href":"https:\/\/face.unt.edu.ar\/web\/wp-json\/wp\/v2\/categories?post=6449"},{"taxonomy":"post_tag","embeddable":true,"href":"https:\/\/face.unt.edu.ar\/web\/wp-json\/wp\/v2\/tags?post=6449"}],"curies":[{"name":"wp","href":"https:\/\/api.w.org\/{rel}","templated":true}]}}