{"id":6519,"date":"2018-03-23T13:52:09","date_gmt":"2018-03-23T13:52:09","guid":{"rendered":"http:\/\/face.unt.edu.ar\/web\/?p=6519"},"modified":"2018-04-03T23:28:15","modified_gmt":"2018-04-03T23:28:15","slug":"curso-de-extension-neuromanagement-teoria-y-practica-en-la-gestion-3","status":"publish","type":"post","link":"https:\/\/face.unt.edu.ar\/web\/blog\/curso-de-extension-neuromanagement-teoria-y-practica-en-la-gestion-3\/","title":{"rendered":"Curso\u00a0de\u00a0Extensi\u00f3n\u00a0\u201cNeuromanagement: Teor\u00eda y Pr\u00e1ctica en la Gesti\u00f3n\u201d"},"content":{"rendered":"<p>A partir del 04 de Abril se dictar\u00e1 en nuestra Facultad, el\u00a0<span class=\"m_-8953530949224581967m_353266565342332994m_-7712772485768673700gmail-il\">Curso<\/span>\u00a0de\u00a0<span class=\"m_-8953530949224581967m_353266565342332994m_-7712772485768673700gmail-il\">Extensi\u00f3n<\/span>\u00a0<strong>\u201cNeuromanagement: Teor\u00eda Y Pr\u00e1ctica en la Gesti\u00f3n\u201d. <\/strong>\u00a0Estar\u00e1 a cargo de los docentes\u00a0<strong>Marcelo\u00a0<\/strong><strong>Medina Galv\u00e1n\u00a0 y Javier Antonio Garc\u00eda,<\/strong>\u00a0de\u00a0la C\u00e1tedra Contabilidad Gerencial, de\u00a0la Facultad\u00a0de\u00a0Ciencias Econ\u00f3micas de la UNT.<!--more--><\/p>\n<p>Se desarrollar\u00e1 en cuatro\u00a0encuentros los d\u00edas\u00a0<strong>4, 5, 11 y 12 de Abril, de\u00a018:30 a 21:30 horas.<\/strong><\/p>\n<p>El\u00a0<span class=\"m_-8953530949224581967m_353266565342332994m_-7712772485768673700gmail-il\">curso<\/span>\u00a0est\u00e1 destinado a estudiantes de la Facultad de Ciencias Econ\u00f3micas, emprendedores y empresarios. El costo del mismo es\u00a0de\u00a0$ 1400. Hasta el jueves\u00a030 de Abril, abonar\u00e1n con descuento por pago anticipado, la suma\u00a0de\u00a0$ 1260.<\/p>\n<table width=\"765\">\n<tbody>\n<tr>\n<td width=\"204\">Estudiantes\u00a0de la FACE<\/td>\n<td width=\"204\">Estudiantes de Posgrado de la FACE<\/td>\n<td width=\"204\">Docentes y Personal de la FACE<\/td>\n<\/tr>\n<tr>\n<td width=\"204\">50% descuento<\/td>\n<td width=\"204\">20% descuento<\/td>\n<td width=\"204\">30% descuento<\/td>\n<\/tr>\n<\/tbody>\n<\/table>\n<p>Las inscripciones se realizan on-line: <a href=\"http:\/\/bit.ly\/neuromanagement\" target=\"_blank\" rel=\"noopener\">http:\/\/bit.ly\/neuromanagement\u00a0<\/a><\/p>\n<p>&nbsp;<\/p>\n<p><strong>Contenidos<\/strong><\/p>\n<p><strong>UNIDAD N\u00b0 1: Introducci\u00f3n a la nueva gesti\u00f3n empresarial: Del Management al Neuromanagement<br \/>\n<\/strong><strong>UNIDAD N\u00b0 2: El rol de la Inteligencia y las Emociones en la Toma de Decisiones<br \/>\n<\/strong><strong>UNIDAD N\u00b0 3: Atenci\u00f3n y Memoria<br \/>\n<\/strong><strong>UNIDAD N\u00b0 4: La Gesti\u00f3n de la Creatividad y de las Ideas<\/strong><\/p>\n<p>&nbsp;<\/p>\n<p><strong>M\u00e1s detalles<\/strong><\/p>\n<p>La Neurociencia y su aplicaci\u00f3n en la administraci\u00f3n (neuromanagement) sumados a la Gesti\u00f3n de Capital Humano determinan caminos a seguir para lograr una ventaja competitiva en organizaciones en donde las personas ya no son un costo sino una inversi\u00f3n (y factor cr\u00edtico en la prestaci\u00f3n de un servicio).<\/p>\n<p>La gesti\u00f3n empresarial nos permite utilizar de la manera m\u00e1s \u00f3ptima los recursos disponibles, para cumplir con los fines u objetivos propuestos.<\/p>\n<p>Sin duda, para aplicar en forma sin\u00e9rgica la neurociencia y la teor\u00eda de management, resulta de vital importancia que los especialistas en neurociencia piensen acerca del mundo de los negocios y, a su vez, que los hombres de negocios reflexionen acerca del mundo de la neurociencia.<\/p>\n<p>En este contexto, toman mucha importancia los conceptos de inteligencia emocional, aprendizaje, personalidad e integridad, entre otros. Resulta de vital importancia aprender a gestionar las habilidades personales e interpersonales en el contexto actual. Adem\u00e1s, el neuromanagement aporta valiosas herramientas para incrementar el desempe\u00f1o de los gerentes, tomadores de decisiones y participantes de la organizaci\u00f3n.<\/p>\n<p><a href=\"http:\/\/face.unt.edu.ar\/web\/wp-content\/uploads\/2018\/03\/Neuromanagement-2.jpg\"><img decoding=\"async\" loading=\"lazy\" class=\"wp-image-6521 aligncenter\" src=\"http:\/\/face.unt.edu.ar\/web\/wp-content\/uploads\/2018\/03\/Neuromanagement-2-212x300.jpg\" alt=\"\" width=\"306\" height=\"433\" srcset=\"https:\/\/face.unt.edu.ar\/web\/wp-content\/uploads\/2018\/03\/Neuromanagement-2-212x300.jpg 212w, https:\/\/face.unt.edu.ar\/web\/wp-content\/uploads\/2018\/03\/Neuromanagement-2-768x1086.jpg 768w, https:\/\/face.unt.edu.ar\/web\/wp-content\/uploads\/2018\/03\/Neuromanagement-2-724x1024.jpg 724w, https:\/\/face.unt.edu.ar\/web\/wp-content\/uploads\/2018\/03\/Neuromanagement-2.jpg 1240w\" sizes=\"(max-width: 306px) 100vw, 306px\" \/><\/a><\/p>\n","protected":false},"excerpt":{"rendered":"<p>A partir del 04 de Abril se dictar\u00e1 en nuestra Facultad, el\u00a0Curso\u00a0de\u00a0Extensi\u00f3n\u00a0\u201cNeuromanagement: Teor\u00eda Y Pr\u00e1ctica en la Gesti\u00f3n\u201d. \u00a0Estar\u00e1 a cargo de los docentes\u00a0Marcelo\u00a0Medina Galv\u00e1n\u00a0 y Javier Antonio Garc\u00eda,\u00a0de\u00a0la C\u00e1tedra Contabilidad Gerencial, de\u00a0la Facultad\u00a0de\u00a0Ciencias Econ\u00f3micas de la UNT.<\/p>\n","protected":false},"author":2,"featured_media":6516,"comment_status":"open","ping_status":"open","sticky":false,"template":"","format":"standard","meta":{"_et_pb_use_builder":"","_et_pb_old_content":"","_et_gb_content_width":"","footnotes":""},"categories":[4],"tags":[],"_links":{"self":[{"href":"https:\/\/face.unt.edu.ar\/web\/wp-json\/wp\/v2\/posts\/6519"}],"collection":[{"href":"https:\/\/face.unt.edu.ar\/web\/wp-json\/wp\/v2\/posts"}],"about":[{"href":"https:\/\/face.unt.edu.ar\/web\/wp-json\/wp\/v2\/types\/post"}],"author":[{"embeddable":true,"href":"https:\/\/face.unt.edu.ar\/web\/wp-json\/wp\/v2\/users\/2"}],"replies":[{"embeddable":true,"href":"https:\/\/face.unt.edu.ar\/web\/wp-json\/wp\/v2\/comments?post=6519"}],"version-history":[{"count":4,"href":"https:\/\/face.unt.edu.ar\/web\/wp-json\/wp\/v2\/posts\/6519\/revisions"}],"predecessor-version":[{"id":6566,"href":"https:\/\/face.unt.edu.ar\/web\/wp-json\/wp\/v2\/posts\/6519\/revisions\/6566"}],"wp:featuredmedia":[{"embeddable":true,"href":"https:\/\/face.unt.edu.ar\/web\/wp-json\/wp\/v2\/media\/6516"}],"wp:attachment":[{"href":"https:\/\/face.unt.edu.ar\/web\/wp-json\/wp\/v2\/media?parent=6519"}],"wp:term":[{"taxonomy":"category","embeddable":true,"href":"https:\/\/face.unt.edu.ar\/web\/wp-json\/wp\/v2\/categories?post=6519"},{"taxonomy":"post_tag","embeddable":true,"href":"https:\/\/face.unt.edu.ar\/web\/wp-json\/wp\/v2\/tags?post=6519"}],"curies":[{"name":"wp","href":"https:\/\/api.w.org\/{rel}","templated":true}]}}