{"id":6536,"date":"2018-03-26T22:42:16","date_gmt":"2018-03-26T22:42:16","guid":{"rendered":"http:\/\/face.unt.edu.ar\/web\/?p=6536"},"modified":"2018-03-26T22:44:08","modified_gmt":"2018-03-26T22:44:08","slug":"taller-docente-sobre-carga-de-curriculum-en-coneau-global-acreditacion-cpn","status":"publish","type":"post","link":"https:\/\/face.unt.edu.ar\/web\/blog\/taller-docente-sobre-carga-de-curriculum-en-coneau-global-acreditacion-cpn\/","title":{"rendered":"Taller docente sobre carga de Curr\u00edculum en CONEAU Global ACREDITACI\u00d3N CPN"},"content":{"rendered":"<div><strong>\u00abLa mejor forma de comprometerse con algo, es ser parte de ello\u00bb<\/strong><\/div>\n<div><\/div>\n<div>La Facultad de Ciencias Econ\u00f3micas invita a sus docentes a participar del taller en el que se brindar\u00e1n las pautas generales para\u00a0carga de Curr\u00edculum en CONEAU Global.<\/div>\n<div>El mismo se llevar\u00e1 a cabo los siguientes d\u00edas:<\/div>\n<p><!--more--><\/p>\n<div><\/div>\n<div><strong>Martes 27 de Marzo: <\/strong><\/div>\n<div style=\"text-align: left\"><strong>\u00a0\u00a0\u00a0\u00a0\u00a0\u00a0\u00a0\u00a0\u00a0\u00a0\u00a0\u00a0\u00a0\u00a0\u00a0\u00a0\u00a0\u00a0\u00a0\u00a0\u00a0\u00a0\u00a0\u00a0\u00a0\u00a0\u00a0\u00a0\u00a0\u00a0\u00a0\u00a0\u00a0\u00a0\u00a0\u00a0 \u00a0 \u00a0\u00a0 \u00a0 &#8211; 10:30 hs. &#8212;&#8212; Aula 1<\/strong><\/div>\n<div style=\"text-align: left\"><strong>\u00a0\u00a0\u00a0\u00a0\u00a0\u00a0\u00a0\u00a0\u00a0\u00a0\u00a0\u00a0\u00a0\u00a0\u00a0\u00a0\u00a0\u00a0\u00a0\u00a0\u00a0\u00a0\u00a0\u00a0\u00a0\u00a0\u00a0\u00a0\u00a0\u00a0\u00a0\u00a0\u00a0\u00a0\u00a0\u00a0\u00a0\u00a0 \u00a0 \u00a0\u00a0 &#8211; 18:30 hs. &#8212;&#8212; Aula 15<\/strong><\/div>\n<div><\/div>\n<div><strong>Mi\u00e9rcoles 28 de Marzo:<\/strong><\/div>\n<div><strong>\u00a0\u00a0\u00a0\u00a0\u00a0\u00a0\u00a0\u00a0\u00a0\u00a0\u00a0\u00a0\u00a0\u00a0\u00a0\u00a0\u00a0\u00a0\u00a0\u00a0\u00a0\u00a0\u00a0\u00a0\u00a0\u00a0\u00a0\u00a0\u00a0\u00a0\u00a0\u00a0\u00a0\u00a0\u00a0\u00a0\u00a0\u00a0\u00a0\u00a0\u00a0\u00a0\u00a0\u00a0 &#8211; 18:30 hs. &#8212;&#8212; Aula 1<\/strong><\/div>\n<div><\/div>\n<div>\n<div class=\"m_4693678814215446960tobEditableHtml\">\n<p><span style=\"font-family: Arial, Helvetica, sans-serif\">Cabe destacar que los docentes deben optar por uno de los horarios detallados.<\/span><\/p>\n<p><span style=\"font-family: Arial, Helvetica, sans-serif\"><span style=\"color: #333333\">Para obtener mas detalles sobre el encuentro\u00a0y sobre las actividades previstas en el marco del Proceso de Acreditaci\u00f3n\u00a0de la Carrera de CPN, pueden enviar un email a <\/span><span style=\"color: #0000ff\"><a href=\"mailto:cscro@face.unt.edu.ar\" target=\"_blank\" rel=\"noopener\">cscro@face.unt.edu.ar<\/a><\/span> <span style=\"color: #050505\">o<\/span> <span style=\"color: #0000ff\"><a href=\"mailto:rgiannini@face.unt.edu.ar\" target=\"_blank\" rel=\"noopener\">rgiannini@face.unt.edu.ar<\/a><\/span><\/span><\/p>\n<\/div>\n<\/div>\n<div><\/div>\n<p>&nbsp;<\/p>\n","protected":false},"excerpt":{"rendered":"<p>\u00abLa mejor forma de comprometerse con algo, es ser parte de ello\u00bb La Facultad de Ciencias Econ\u00f3micas invita a sus docentes a participar del taller en el que se brindar\u00e1n las pautas generales para\u00a0carga de Curr\u00edculum en CONEAU Global. El mismo se llevar\u00e1 a cabo los siguientes d\u00edas:<\/p>\n","protected":false},"author":2,"featured_media":6534,"comment_status":"open","ping_status":"open","sticky":false,"template":"","format":"standard","meta":{"_et_pb_use_builder":"","_et_pb_old_content":"","_et_gb_content_width":"","footnotes":""},"categories":[4],"tags":[],"_links":{"self":[{"href":"https:\/\/face.unt.edu.ar\/web\/wp-json\/wp\/v2\/posts\/6536"}],"collection":[{"href":"https:\/\/face.unt.edu.ar\/web\/wp-json\/wp\/v2\/posts"}],"about":[{"href":"https:\/\/face.unt.edu.ar\/web\/wp-json\/wp\/v2\/types\/post"}],"author":[{"embeddable":true,"href":"https:\/\/face.unt.edu.ar\/web\/wp-json\/wp\/v2\/users\/2"}],"replies":[{"embeddable":true,"href":"https:\/\/face.unt.edu.ar\/web\/wp-json\/wp\/v2\/comments?post=6536"}],"version-history":[{"count":4,"href":"https:\/\/face.unt.edu.ar\/web\/wp-json\/wp\/v2\/posts\/6536\/revisions"}],"predecessor-version":[{"id":6540,"href":"https:\/\/face.unt.edu.ar\/web\/wp-json\/wp\/v2\/posts\/6536\/revisions\/6540"}],"wp:featuredmedia":[{"embeddable":true,"href":"https:\/\/face.unt.edu.ar\/web\/wp-json\/wp\/v2\/media\/6534"}],"wp:attachment":[{"href":"https:\/\/face.unt.edu.ar\/web\/wp-json\/wp\/v2\/media?parent=6536"}],"wp:term":[{"taxonomy":"category","embeddable":true,"href":"https:\/\/face.unt.edu.ar\/web\/wp-json\/wp\/v2\/categories?post=6536"},{"taxonomy":"post_tag","embeddable":true,"href":"https:\/\/face.unt.edu.ar\/web\/wp-json\/wp\/v2\/tags?post=6536"}],"curies":[{"name":"wp","href":"https:\/\/api.w.org\/{rel}","templated":true}]}}