{"id":6569,"date":"2018-04-04T13:24:52","date_gmt":"2018-04-04T13:24:52","guid":{"rendered":"http:\/\/face.unt.edu.ar\/web\/?p=6569"},"modified":"2018-04-04T13:27:57","modified_gmt":"2018-04-04T13:27:57","slug":"taller-docente-metodologia-de-la-investigacion","status":"publish","type":"post","link":"https:\/\/face.unt.edu.ar\/web\/blog\/taller-docente-metodologia-de-la-investigacion\/","title":{"rendered":"Taller docente &#8211; Metodolog\u00eda de la Investigaci\u00f3n"},"content":{"rendered":"<p>La Facultad de Ciencias Econ\u00f3micas de la UNT invita a los docente a participar de los Talleres de Metodolog\u00eda de la Investigaci\u00f3n, que se llevar\u00e1n a cabo los d\u00edas\u00a0<strong>mi\u00e9rcoles 4 y 11 de abril,\u00a0<\/strong>a partir de las\u00a0<strong>18.30 horas<\/strong>, en el Aula 1 de posgrado. Lo mismos contar\u00e1n con la coordinaci\u00f3n del profesor\u00a0<strong>Marcelo Medina Galv\u00e1n<\/strong>.<\/p>\n<p>Estos talleres forman parte del programa\u00a0<strong>\u201cEcon\u00f3micas Investiga\u201d<\/strong>\u00a0cuyo objetivo es el fomentar la participaci\u00f3n de los docentes de materias de la Carrera de Contador P\u00fablico Nacional en sus proyectos de investigaci\u00f3n.<\/p>\n","protected":false},"excerpt":{"rendered":"<p>La Facultad de Ciencias Econ\u00f3micas de la UNT invita a los docente a participar de los Talleres de Metodolog\u00eda de la Investigaci\u00f3n, que se llevar\u00e1n a cabo los d\u00edas\u00a0mi\u00e9rcoles 4 y 11 de abril,\u00a0a partir de las\u00a018.30 horas, en el Aula 1 de posgrado. Lo mismos contar\u00e1n con la coordinaci\u00f3n del profesor\u00a0Marcelo Medina Galv\u00e1n. Estos [&hellip;]<\/p>\n","protected":false},"author":2,"featured_media":6570,"comment_status":"open","ping_status":"open","sticky":false,"template":"","format":"standard","meta":{"_et_pb_use_builder":"","_et_pb_old_content":"","_et_gb_content_width":"","footnotes":""},"categories":[4],"tags":[],"_links":{"self":[{"href":"https:\/\/face.unt.edu.ar\/web\/wp-json\/wp\/v2\/posts\/6569"}],"collection":[{"href":"https:\/\/face.unt.edu.ar\/web\/wp-json\/wp\/v2\/posts"}],"about":[{"href":"https:\/\/face.unt.edu.ar\/web\/wp-json\/wp\/v2\/types\/post"}],"author":[{"embeddable":true,"href":"https:\/\/face.unt.edu.ar\/web\/wp-json\/wp\/v2\/users\/2"}],"replies":[{"embeddable":true,"href":"https:\/\/face.unt.edu.ar\/web\/wp-json\/wp\/v2\/comments?post=6569"}],"version-history":[{"count":2,"href":"https:\/\/face.unt.edu.ar\/web\/wp-json\/wp\/v2\/posts\/6569\/revisions"}],"predecessor-version":[{"id":6572,"href":"https:\/\/face.unt.edu.ar\/web\/wp-json\/wp\/v2\/posts\/6569\/revisions\/6572"}],"wp:featuredmedia":[{"embeddable":true,"href":"https:\/\/face.unt.edu.ar\/web\/wp-json\/wp\/v2\/media\/6570"}],"wp:attachment":[{"href":"https:\/\/face.unt.edu.ar\/web\/wp-json\/wp\/v2\/media?parent=6569"}],"wp:term":[{"taxonomy":"category","embeddable":true,"href":"https:\/\/face.unt.edu.ar\/web\/wp-json\/wp\/v2\/categories?post=6569"},{"taxonomy":"post_tag","embeddable":true,"href":"https:\/\/face.unt.edu.ar\/web\/wp-json\/wp\/v2\/tags?post=6569"}],"curies":[{"name":"wp","href":"https:\/\/api.w.org\/{rel}","templated":true}]}}