{"id":6578,"date":"2018-04-09T17:11:33","date_gmt":"2018-04-09T17:11:33","guid":{"rendered":"http:\/\/face.unt.edu.ar\/web\/?p=6578"},"modified":"2018-04-09T22:36:32","modified_gmt":"2018-04-09T22:36:32","slug":"alumnos-de-la-face-accederan-a-las-becas-ciunt-y-evc-cin","status":"publish","type":"post","link":"https:\/\/face.unt.edu.ar\/web\/blog\/alumnos-de-la-face-accederan-a-las-becas-ciunt-y-evc-cin\/","title":{"rendered":"Alumnos de la FACE acceder\u00e1n a las Becas CIUNT y  EVC-CIN"},"content":{"rendered":"<p style=\"font-weight: 400\">La Facultad de Ciencias Econ\u00f3micas tiene el agrado de dar a\u00a0 conocer el nombre de nuestros alumnos a quienes el Consejo de Investigaci\u00f3n de la UNT\u00a0 otorgar\u00e1 las\u00a0\u00a0<strong>Becas Estudiantiles del CIUNT 2018<\/strong>.<\/p>\n<ul>\n<li style=\"font-weight: 400\"><strong>Marto, Paula Guillermina<\/strong><br \/>\nDirector: Meloni, Osvaldo.<\/li>\n<li style=\"font-weight: 400\"><strong>Nallar, Leandro Justo<\/strong><br \/>\nDirector: Meloni, Osvaldo.<\/li>\n<li style=\"font-weight: 400\"><strong>Shehadi Candela, Agust\u00edn A<\/strong><br \/>\nDirector: Cerro, Ana Mar\u00eda.<\/li>\n<li style=\"font-weight: 400\"><span style=\"font-weight: 400\"><strong>Fern\u00e1ndez Fiorenza, Mar\u00eda Pilar<\/strong><br \/>\n<\/span>Director: Medina Galv\u00e1n, Marcelo Enrique<\/li>\n<li style=\"font-weight: 400\"><strong>Jantus Arias, Maria del Valle<\/strong><br \/>\nDirector: Ferreyra Teresa Carolina<\/li>\n<\/ul>\n<p style=\"font-weight: 400\">Por otro lado, en las\u00a0<strong>becas EVC-CIN 2018<\/strong>, destacamos a los alumnos de nuestra Casa que fueron seleccionados para formar parte del mencionado programa:<\/p>\n<p style=\"font-weight: 400\">TITULARES:<\/p>\n<ul>\n<li style=\"font-weight: 400\"><strong>Dom\u00ednguez Paredes, Franco Antonio<\/strong><br \/>\nDirector: Osvaldo Meloni.<\/li>\n<li style=\"font-weight: 400\"><strong>Fern\u00e1ndez, Pablo<\/strong><br \/>\nDirector: Paz Ter\u00e1n Corina Mar\u00eda<\/li>\n<li style=\"font-weight: 400\"><strong>Ramasco, Andr\u00e9s Esteban<\/strong><br \/>\nDirector: Miraglia Santiago Agust\u00edn, Mena Andr\u00e9s Sebast\u00edan<\/li>\n<li style=\"font-weight: 400\"><strong>Shehadi Candela, Agust\u00edn Alejandro<\/strong><br \/>\nDirectora: Ana Mar\u00eda Cerro<\/li>\n<\/ul>\n<p style=\"font-weight: 400\">SUPLENTES:<\/p>\n<ul>\n<li style=\"font-weight: 400\"><strong>Apaza, Juan Manuel<\/strong><br \/>\nDirector: Leguizam\u00f3n Mar\u00eda Cristina, Correa Deza Mar\u00eda Florencia<\/li>\n<li style=\"font-weight: 400\"><strong>Aguirre Flores, Romina Maricel<\/strong><br \/>\nDirector: Panico Adriana F\u00e1tima, Leguizam\u00f3n Mar\u00eda Jos\u00e9<\/li>\n<\/ul>\n<p>Felicitamos a todos y cada uno de ellos y les deseamos el mayor de los \u00e9xitos.<\/p>\n","protected":false},"excerpt":{"rendered":"<p>La Facultad de Ciencias Econ\u00f3micas tiene el agrado de dar a\u00a0 conocer el nombre de nuestros alumnos a quienes el Consejo de Investigaci\u00f3n de la UNT\u00a0 otorgar\u00e1 las\u00a0\u00a0Becas Estudiantiles del CIUNT 2018. Marto, Paula Guillermina Director: Meloni, Osvaldo. Nallar, Leandro Justo Director: Meloni, Osvaldo. Shehadi Candela, Agust\u00edn A Director: Cerro, Ana Mar\u00eda. Fern\u00e1ndez Fiorenza, Mar\u00eda [&hellip;]<\/p>\n","protected":false},"author":3,"featured_media":3987,"comment_status":"open","ping_status":"open","sticky":false,"template":"","format":"standard","meta":{"_et_pb_use_builder":"","_et_pb_old_content":"","_et_gb_content_width":"","footnotes":""},"categories":[4],"tags":[],"_links":{"self":[{"href":"https:\/\/face.unt.edu.ar\/web\/wp-json\/wp\/v2\/posts\/6578"}],"collection":[{"href":"https:\/\/face.unt.edu.ar\/web\/wp-json\/wp\/v2\/posts"}],"about":[{"href":"https:\/\/face.unt.edu.ar\/web\/wp-json\/wp\/v2\/types\/post"}],"author":[{"embeddable":true,"href":"https:\/\/face.unt.edu.ar\/web\/wp-json\/wp\/v2\/users\/3"}],"replies":[{"embeddable":true,"href":"https:\/\/face.unt.edu.ar\/web\/wp-json\/wp\/v2\/comments?post=6578"}],"version-history":[{"count":3,"href":"https:\/\/face.unt.edu.ar\/web\/wp-json\/wp\/v2\/posts\/6578\/revisions"}],"predecessor-version":[{"id":6587,"href":"https:\/\/face.unt.edu.ar\/web\/wp-json\/wp\/v2\/posts\/6578\/revisions\/6587"}],"wp:featuredmedia":[{"embeddable":true,"href":"https:\/\/face.unt.edu.ar\/web\/wp-json\/wp\/v2\/media\/3987"}],"wp:attachment":[{"href":"https:\/\/face.unt.edu.ar\/web\/wp-json\/wp\/v2\/media?parent=6578"}],"wp:term":[{"taxonomy":"category","embeddable":true,"href":"https:\/\/face.unt.edu.ar\/web\/wp-json\/wp\/v2\/categories?post=6578"},{"taxonomy":"post_tag","embeddable":true,"href":"https:\/\/face.unt.edu.ar\/web\/wp-json\/wp\/v2\/tags?post=6578"}],"curies":[{"name":"wp","href":"https:\/\/api.w.org\/{rel}","templated":true}]}}