{"id":6640,"date":"2018-04-25T16:43:29","date_gmt":"2018-04-25T16:43:29","guid":{"rendered":"http:\/\/face.unt.edu.ar\/web\/?p=6640"},"modified":"2018-04-25T16:52:35","modified_gmt":"2018-04-25T16:52:35","slug":"economicas-emprende-participara-del-proyecto-emprendedor-pecuario-regional","status":"publish","type":"post","link":"https:\/\/face.unt.edu.ar\/web\/blog\/economicas-emprende-participara-del-proyecto-emprendedor-pecuario-regional\/","title":{"rendered":"Econ\u00f3micas Emprende participa del Proyecto  Emprendedor Pecuario Regional"},"content":{"rendered":"<div align=\"justify\">\n<p>Esta semana se hizo el lanzamiento. La Facultad de Ciencias Econ\u00f3micas de la UNT se integra al proyecto a trav\u00e9s de Econ\u00f3micas Emprende. Participaron del acto autoridades de distintas instituciones. Las actividades se desarrollar\u00e1n desde el 17 de Abril hasta el 19 de Junio.<\/p>\n<p>Como parte de las actividades que se desarrollan en el espacio de Econ\u00f3micas Emprende &#8211; Usina de Emprendedores, de la Secretar\u00eda de Extensi\u00f3n y Relaciones Institucionales de nuestra Facultad, representantes de esta Casa de Estudios, participaron el martes 10 de Abril, del lanzamiento del <strong>Proyecto Emprendedor Pecuario Regional<\/strong> en el Municipio de La Cocha. El acto cont\u00f3 con la presencia del Intendente Leopoldo Rodriguez, Daniel Baytal\u00e1 y autoridades de las diferentes instituciones que integran el proyecto. Por su parte, nuestra Facultad estuvo representada por la Vicedecana Mg. Cra. Mar\u00eda Liliana Pacheco, el Secretario de Extensi\u00f3n y Relaciones Institucionales Cr. Ariel Apichela y la Coordinadora de Econ\u00f3micas Emprende Mg. Lic. Liliana Fagre.<\/p>\n<p>Durante el acto de apertura se firm\u00f3 la Carta Acuerdo entre las siguientes instituciones intervinientes: Fundaci\u00f3n Vicente Lucci de Grupo Lucci, Viluco S.A, Municipio de La Cocha, Instituto Nacional de Tecnolog\u00eda Agropecuaria (INTA), Facultad de Agronom\u00eda y Zooctenia &#8211; UNT, Facultad de Ciencias Econ\u00f3micas &#8211; UNT, Universidad del Norte Santo Tom\u00e1s de Aquino, Direcci\u00f3n de Asuntos Comunitarios y Sociales del Interior del Ministerio del Interior de la Provincia de Tucum\u00e1n, la Direcci\u00f3n de Ganader\u00eda, Subsecretar\u00eda de Asuntos Agrarios y Alimentos de la Secretar\u00eda de Estado de Desarrollo Productivo del Ministerio de Desarrollo Productivo de Tucum\u00e1n.<\/p>\n<p>El programa establece que la ejecuci\u00f3n del Proyecto se realice en 10 encuentros, los cuales preve\u00e9n capacitaciones centradas en temas espec\u00edficos, que estar\u00e1n a cargo de representantes de las distintas instituciones que forman parte.<\/p>\n<p>Cabe destacar que el lanzamiento del<strong> Proyecto Emprendedor Pecuario Regional <\/strong>tuvo una gran concurrencia de asistentes. Estuvieron presente autoridades del Municipio, de las diferentes instituciones que participan del Proyecto, emprendedores, estudiantes de entidades educativas de zonas aleda\u00f1as (la Escuela Agrot\u00e9cnica y el IES)\u00a0 y p\u00fablico en general.<\/p>\n<p>A continuaci\u00f3n se detalla el <strong>Cronograma de Capacitaciones 2018<\/strong><\/p>\n<ul>\n<li>Martes 17 de abril: Actividad porcina. Cr\u00eda porcina a campo para peque\u00f1os productores familiares. Ing. Ruth Macedo (INTA)<\/li>\n<li>Martes 24 de abril: Conocimientos t\u00e9cnicos sobre instalaciones, manejo y sanidad. Ing. Ruth Macedo (INTA)<\/li>\n<li>Martes 8 de mayo: Gen\u00e9tica y sanidad animal. Veterinaria Carolina Cizek. (FAZ, UNT).<\/li>\n<li>Martes 15 de mayo: Plan de negocios: mirada emprendedora. Mg. Eduardo Ricobelli (UNSTA).<\/li>\n<li>Martes 22 de mayo: Nutrici\u00f3n animal Ing. C\u00e9sar Picco (Viluco S.A) \u2013 Ing. Fabi\u00e1n Amauto (Biot\u00e9cnicas Argentina).<\/li>\n<li>Martes 29 de mayo: Estrategias comerciales: \u00bfA qu\u00e9 mercado dirigirse? \u00bfQu\u00e9 vender? Mg. Liliana Fagre (FACE, UNT).<\/li>\n<li>Martes 5 de junio: Administraci\u00f3n financiera y control de gastos. Mg. Liliana Fagre (FACE, UNT).<\/li>\n<li>Martes 12 de junio: Normativas vinculadas a los procesos de producci\u00f3n y comercializaci\u00f3n de porcinos de Tucum\u00e1n. Ing. Gabriela G\u00f3mez Campero (Direcci\u00f3n de Ganader\u00eda de Tucum\u00e1n), SENASA y Secretar\u00eda de Agricultura Familiar.<\/li>\n<li>Martes 19 de junio: Asesoramiento y Mentor\u00eda. Mg. Eduardo Ricobelli (UNSTA). Cierre del Proyecto y entrega de certificados a los participantes.<\/li>\n<\/ul>\n<\/div>\n<p><!--more--><\/p>\n<p><!--more--><\/p>\n<p>&nbsp;<\/p>\n","protected":false},"excerpt":{"rendered":"<p>Esta semana se hizo el lanzamiento. La Facultad de Ciencias Econ\u00f3micas de la UNT se integra al proyecto a trav\u00e9s de Econ\u00f3micas Emprende. Participaron del acto autoridades de distintas instituciones. Las actividades se desarrollar\u00e1n desde el 17 de Abril hasta el 19 de Junio. Como parte de las actividades que se desarrollan en el espacio [&hellip;]<\/p>\n","protected":false},"author":2,"featured_media":6642,"comment_status":"open","ping_status":"open","sticky":false,"template":"","format":"standard","meta":{"_et_pb_use_builder":"","_et_pb_old_content":"","_et_gb_content_width":"","footnotes":""},"categories":[4],"tags":[],"_links":{"self":[{"href":"https:\/\/face.unt.edu.ar\/web\/wp-json\/wp\/v2\/posts\/6640"}],"collection":[{"href":"https:\/\/face.unt.edu.ar\/web\/wp-json\/wp\/v2\/posts"}],"about":[{"href":"https:\/\/face.unt.edu.ar\/web\/wp-json\/wp\/v2\/types\/post"}],"author":[{"embeddable":true,"href":"https:\/\/face.unt.edu.ar\/web\/wp-json\/wp\/v2\/users\/2"}],"replies":[{"embeddable":true,"href":"https:\/\/face.unt.edu.ar\/web\/wp-json\/wp\/v2\/comments?post=6640"}],"version-history":[{"count":4,"href":"https:\/\/face.unt.edu.ar\/web\/wp-json\/wp\/v2\/posts\/6640\/revisions"}],"predecessor-version":[{"id":6645,"href":"https:\/\/face.unt.edu.ar\/web\/wp-json\/wp\/v2\/posts\/6640\/revisions\/6645"}],"wp:featuredmedia":[{"embeddable":true,"href":"https:\/\/face.unt.edu.ar\/web\/wp-json\/wp\/v2\/media\/6642"}],"wp:attachment":[{"href":"https:\/\/face.unt.edu.ar\/web\/wp-json\/wp\/v2\/media?parent=6640"}],"wp:term":[{"taxonomy":"category","embeddable":true,"href":"https:\/\/face.unt.edu.ar\/web\/wp-json\/wp\/v2\/categories?post=6640"},{"taxonomy":"post_tag","embeddable":true,"href":"https:\/\/face.unt.edu.ar\/web\/wp-json\/wp\/v2\/tags?post=6640"}],"curies":[{"name":"wp","href":"https:\/\/api.w.org\/{rel}","templated":true}]}}