{"id":6674,"date":"2018-05-11T12:01:32","date_gmt":"2018-05-11T12:01:32","guid":{"rendered":"http:\/\/face.unt.edu.ar\/web\/?p=6674"},"modified":"2018-05-11T15:23:55","modified_gmt":"2018-05-11T15:23:55","slug":"taller-docente-los-desafios-de-facilitar-el-aprendizaje","status":"publish","type":"post","link":"https:\/\/face.unt.edu.ar\/web\/blog\/taller-docente-los-desafios-de-facilitar-el-aprendizaje\/","title":{"rendered":"Taller Docente: \u00abLos desaf\u00edos de facilitar el aprendizaje\u00bb"},"content":{"rendered":"<p style=\"font-weight: 400\">La Facultad de Ciencias Econ\u00f3micas invita a docentes de todas las carreras de nuestra Casa, a participar del\u00a0<strong>Taller Docente \u201cLos Desaf\u00edos de Facilitar el Aprendizaje\u201d,<\/strong>\u00a0a llevarse a cabo en el Aula 1 de Posgrado de nuestra Facultad. Los interesados pueden asistir a alguna de las siguientes comisiones:<!--more--><\/p>\n<ul>\n<li style=\"font-weight: 400\">Comisi\u00f3n Tarde:Jueves 17 de Mayo y Jueves 31 de Mayo de 17 a 21 hs.<\/li>\n<li style=\"font-weight: 400\">Comisi\u00f3n Ma\u00f1ana:Viernes 18 de Mayo y Viernes 01 de Junio de 9 a 13 hs.<\/li>\n<\/ul>\n<p style=\"font-weight: 400\">El Taller estar\u00e1 a cargo de la Lic. Graciela Garone (*).<\/p>\n<p style=\"font-weight: 400\">Los interesados en participar pueden inscribirse hasta el d\u00eda Mi\u00e9rcoles 16 de Mayo, haciendo<a href=\"https:\/\/docs.google.com\/forms\/d\/e\/1FAIpQLSdL77AS31ksPDP9geNLJGD5hHtxy-6AnRLbqCSj4PtIrdGYZQ\/viewform\" target=\"_blank\" rel=\"noopener\"><strong> click aqu\u00ed: Inscripci\u00f3n<\/strong><\/a><\/p>\n<p style=\"font-weight: 400\">El costo de inscripci\u00f3n es de $500, con cupo limitado. Las inscripciones se abonar\u00e1n en la Asociaci\u00f3n Cooperadora de la Facultad, de Lunes a Viernes de 8:00 a 12:00 hs. \u00a0y de 16:00 a 19.30 hs.<\/p>\n<p style=\"font-weight: 400\"><em><strong>*Sobre Graciela Garone<\/strong><\/em><\/p>\n<p style=\"font-weight: 400\"><em>Graciela Garone es Licenciada en Psicolog\u00eda de UB. Especializada en Recursos Humanos en el ciclo de extensi\u00f3n de la Universidad de California, Berkeley. Graduada con el Certificate Program for Advanced Human Resources, Universidad de Cornell, Ithaca, Nueva York. Tiene un posgrado en Docencia Universitaria de UBA.<\/em><\/p>\n<p style=\"font-weight: 400\"><em>En el aspecto profesional se destaca su trayectoria como Gerente de Recursos Humanos en Seagram S.A., con responsabilidad por ConoSur (Argentina, Chile y Uruguay).<\/em><\/p>\n<p style=\"font-weight: 400\"><em>Su especialidad es la Capacitaci\u00f3n y Desarrollo Gerencial. Se destaca en la aplicaci\u00f3n de t\u00e9cnicas de din\u00e1mica grupal en el proceso de aprendizaje.<\/em><\/p>\n<p style=\"font-weight: 400\"><em>Es profesora en el Posgrado de especializaci\u00f3n en Direcci\u00f3n Estrat\u00e9gica de Recursos Humanos de UBA.; en el MBA de UP; y en la Universidad de Guayaquil, Ecuador.<\/em><\/p>\n<p style=\"font-weight: 400\">\n","protected":false},"excerpt":{"rendered":"<p>La Facultad de Ciencias Econ\u00f3micas invita a docentes de todas las carreras de nuestra Casa, a participar del\u00a0Taller Docente \u201cLos Desaf\u00edos de Facilitar el Aprendizaje\u201d,\u00a0a llevarse a cabo en el Aula 1 de Posgrado de nuestra Facultad. Los interesados pueden asistir a alguna de las siguientes comisiones:<\/p>\n","protected":false},"author":2,"featured_media":6686,"comment_status":"open","ping_status":"open","sticky":false,"template":"","format":"standard","meta":{"_et_pb_use_builder":"","_et_pb_old_content":"","_et_gb_content_width":"","footnotes":""},"categories":[4],"tags":[],"_links":{"self":[{"href":"https:\/\/face.unt.edu.ar\/web\/wp-json\/wp\/v2\/posts\/6674"}],"collection":[{"href":"https:\/\/face.unt.edu.ar\/web\/wp-json\/wp\/v2\/posts"}],"about":[{"href":"https:\/\/face.unt.edu.ar\/web\/wp-json\/wp\/v2\/types\/post"}],"author":[{"embeddable":true,"href":"https:\/\/face.unt.edu.ar\/web\/wp-json\/wp\/v2\/users\/2"}],"replies":[{"embeddable":true,"href":"https:\/\/face.unt.edu.ar\/web\/wp-json\/wp\/v2\/comments?post=6674"}],"version-history":[{"count":2,"href":"https:\/\/face.unt.edu.ar\/web\/wp-json\/wp\/v2\/posts\/6674\/revisions"}],"predecessor-version":[{"id":6677,"href":"https:\/\/face.unt.edu.ar\/web\/wp-json\/wp\/v2\/posts\/6674\/revisions\/6677"}],"wp:featuredmedia":[{"embeddable":true,"href":"https:\/\/face.unt.edu.ar\/web\/wp-json\/wp\/v2\/media\/6686"}],"wp:attachment":[{"href":"https:\/\/face.unt.edu.ar\/web\/wp-json\/wp\/v2\/media?parent=6674"}],"wp:term":[{"taxonomy":"category","embeddable":true,"href":"https:\/\/face.unt.edu.ar\/web\/wp-json\/wp\/v2\/categories?post=6674"},{"taxonomy":"post_tag","embeddable":true,"href":"https:\/\/face.unt.edu.ar\/web\/wp-json\/wp\/v2\/tags?post=6674"}],"curies":[{"name":"wp","href":"https:\/\/api.w.org\/{rel}","templated":true}]}}