{"id":6729,"date":"2018-05-16T17:59:16","date_gmt":"2018-05-16T17:59:16","guid":{"rendered":"http:\/\/face.unt.edu.ar\/web\/?p=6729"},"modified":"2018-05-16T17:59:16","modified_gmt":"2018-05-16T17:59:16","slug":"reasumieron-en-sus-funciones-decano-y-vicedecana-de-la-facultad-de-ciencias-economicas","status":"publish","type":"post","link":"https:\/\/face.unt.edu.ar\/web\/blog\/reasumieron-en-sus-funciones-decano-y-vicedecana-de-la-facultad-de-ciencias-economicas\/","title":{"rendered":"Reasumieron en sus funciones Decano y Vicedecana de la Facultad de Ciencias Econ\u00f3micas"},"content":{"rendered":"<div><span style=\"font-family: Calibri, Helvetica, sans-serif;font-size: medium;color: #000000\">Ayer en el Aula Magna de la Facultad, reasumieron en sus funciones para el periodo 2018-2022, el Decano Mg. Jos\u00e9 Luis Jimenez y la Vicedecana Mg. Maria Liliana Pacheco.<\/span><\/div>\n<div><span style=\"color: #000000;font-family: Calibri, Helvetica, sans-serif;font-size: medium\">\u00a0<\/span><\/div>\n<div><span style=\"font-family: Calibri, Helvetica, sans-serif;font-size: medium;color: #000000\">En el acto, enmarcado en una sesi\u00f3n especial del Honorable Consejo Directivo de esta facultad, estuvieron presentes \u00a0el Rector de la UNSTA, Mg.\u00a0Francisco\u00a0L\u00f3pez Cruz, el intendente de la Municipalidad e Santa Maria, CPN Carlos Sanchez, Autoridades del Colegio de Graduados en Ciencias Econ\u00f3micas de Tucum\u00e1n, \u00a0docentes, alumnos, personal administrativo y de apoyo, familiares,\u00a0ex\u00a0 decano y ex docentes.\u00a0<\/span><\/div>\n<div><span style=\"color: #000000;font-family: Calibri, Helvetica, sans-serif;font-size: medium\">Al \u00a0iniciar el encuentro se proyect\u00f3\u00a0un video institucional, que destac\u00f3 los hechos m\u00e1s significativos de la gesti\u00f3n 2014 \u2013 2018.<\/span><\/div>\n<div><span style=\"color: #000000;font-family: Calibri, Helvetica, sans-serif;font-size: medium\">Posteriormente hizo su ingreso la bandera de ceremonia portada por\u00a0Leandro Svetliza,\u00a0(abanderado), Horacio Medina Raed (1\u00ba Escolta) y Elina Krautman\u00a0(2\u00ba Escolta), para luego dar lectura a las resoluciones emitidas por el Honorable Consejo Superior de la UNT, como as\u00ed tambi\u00e9n a la creada por el Honorable Consejo Directivo de esta Facultad.<\/span><\/div>\n<div><span style=\"color: #000000;font-family: Calibri, Helvetica, sans-serif;font-size: medium\">Tal como lo establece el reglamento, fue el presidente Ad Hoc del Honorable Consejo Directivo de la Facultad, Lic. Gustavo Federico Wallberg quien tom\u00f3\u00a0 juramento al decano y a la Vicedecana.<\/span><\/div>\n<div><span style=\"font-family: Calibri, Helvetica, sans-serif;font-size: medium;color: #000000\">Posteriormente la Vicedecana, Mg Liliana Pacheco se dirigi\u00f3 al P\u00fablico presente agradeciendo por la confianza y el apoyo otorgado al permitirles estar una vez mas al frente de esta prestigiosa Unidad Acad\u00e9mica, \u00abLes agradezco porque cada d\u00eda aprendo mas, les agradezco porque hicieron de mi una mejor persona\u00bb, manifest\u00f3\u00bb Tambi\u00e9n dedic\u00f3 unas palabras a sus familiares, amigos, y a quienes le impartieron lecciones en su trayecto como estudiante, sus ex profesores,\u00a0muchos<span style=\"font-family: Calibri, Helvetica, sans-serif;font-size: small\">\u00a0<\/span>de los cuales hoy estuvieron presentes.<\/span><\/div>\n<div><span style=\"font-family: Calibri, Helvetica, sans-serif;font-size: medium;color: #000000\">\u00abReasumo mi funci\u00f3n, \u00a0lo har\u00e9 con pleno compromiso hacia los dem\u00e1s,\u00a0buscar\u00e9\u00a0superarme para poder brindar lo mejor de mi hacia todos los que forman parte de esta comunidad\u00bb, asegur\u00f3<\/span><\/div>\n<div><span style=\"color: #000000;font-family: Calibri, Helvetica, sans-serif;font-size: medium\">Por su parte. el Decano, Jos\u00e9 Luis Antonio Jimenez, remarc\u00f3, \u00abEs \u00a0un honor se\u00a0nuevamente<span style=\"font-size: medium\">\u00a0decano de esta querida facultad, y la verdad me siento muy feliz,\u00bb<\/span><\/span><\/div>\n<div><span style=\"color: #000000;font-family: Calibri, Helvetica, sans-serif;font-size: medium\">Record\u00f3 cuando por el 2014,\u00a0 asum\u00eda por primera vez la responsabilidad de llevar adelante la tarea ejecutiva de la Facultad y aseguro que<\/span><\/div>\n<div><span style=\"font-family: Calibri, Helvetica, sans-serif;font-size: medium;color: #000000\">\u00abHoy es un momento oportuno para hacer un balance y definir algunas lineas de esta nueva gesti\u00f3n\u00bb. Seguidamente enumer\u00f3\u00a0las actividades llevadas adelante por las distintas secretarias y \u00e1reas de gesti\u00f3n y finaliz\u00f3 manifestando que\u00a0<span style=\"font-family: Calibri, Helvetica, sans-serif;font-size: medium\">\u00ab<\/span><span style=\"font-family: Calibri, Helvetica, sans-serif;font-size: medium\">Ciencias Econ\u00f3micas seguir\u00e1 tratando de apostar a un proyecto plural, \u00e9tico, sustentable, transparente y con vi<\/span><span style=\"font-family: Calibri, Helvetica, sans-serif;font-size: medium\">si\u00f3<\/span><span style=\"font-family: Calibri, Helvetica, sans-serif;font-size: medium\">n de futuro, seguiremos trabajando para construir una facultad que le sirva\u00a0<\/span><span style=\"font-family: Calibri, Helvetica, sans-serif;font-size: medium\">\u00a0a la\u00a0<\/span><span style=\"font-family: Calibri, Helvetica, sans-serif;font-size: medium\">sociedad, que forme buenos profesionales, comprometidos con su<\/span><span style=\"font-family: Calibri, Helvetica, sans-serif;font-size: medium\">\u00a0p<\/span><span style=\"font-family: Calibri, Helvetica, sans-serif;font-size: medium\">a\u00ed<\/span><span style=\"font-family: Calibri, Helvetica, sans-serif;font-size: medium\">s, hacer investigaci\u00f3n y extensi\u00f3n de calidad, todo esto\u00a0<\/span><span style=\"font-family: Calibri, Helvetica, sans-serif;font-size: medium\">desde\u00a0<\/span><span style=\"font-family: Calibri, Helvetica, sans-serif;font-size: medium\">la autonom\u00eda universitaria \u00ab.<\/span><\/span><\/div>\n<div><span style=\"color: #000000\">E<span style=\"font-family: Calibri, Helvetica, sans-serif;font-size: medium\">n la jornada hoy,\u00a0<\/span><span style=\"font-family: Calibri, Helvetica, sans-serif\">mi\u00e9rcoles<\/span><span style=\"font-family: Calibri, Helvetica, sans-serif;font-size: medium\">\u00a016 de mayo,\u00a0 El Mg. Jos\u00e9\u00a0Luis Jimenez, se sum\u00f3 al resto de los decano e integrantes del Consejo Directivo\u00a0para integrar la Honorable Asamblea Universitaria.<\/span><\/span><\/div>\n<div><span style=\"color: #000000;font-family: Calibri, Helvetica, sans-serif;font-size: medium\">El m\u00e1ximo \u00f3rgano de conducci\u00f3n de la UNT integrado por los 156 asamble\u00edstas representantes de los cuatros estamentos de que integran la comunidad universitaria m\u00e1s los decanos electos, que tuvo la responsabilidad de elegir al rector y vicerrector que conducir\u00e1n los destinos de la casa de Juan B. Ter\u00e1n hasta el a\u00f1o 2022.<\/span><\/div>\n<div><\/div>\n<div><a href=\"https:\/\/www.facebook.com\/pg\/faceunt\/photos\/?tab=album&amp;album_id=1004473919721469\">Im\u00e1genes de la Jornada<\/a><\/div>\n","protected":false},"excerpt":{"rendered":"<p>Ayer en el Aula Magna de la Facultad, reasumieron en sus funciones para el periodo 2018-2022, el Decano Mg. Jos\u00e9 Luis Jimenez y la Vicedecana Mg. Maria Liliana Pacheco. \u00a0 En el acto, enmarcado en una sesi\u00f3n especial del Honorable Consejo Directivo de esta facultad, estuvieron presentes \u00a0el Rector de la UNSTA, Mg.\u00a0Francisco\u00a0L\u00f3pez Cruz, el [&hellip;]<\/p>\n","protected":false},"author":3,"featured_media":6731,"comment_status":"open","ping_status":"open","sticky":false,"template":"","format":"standard","meta":{"_et_pb_use_builder":"","_et_pb_old_content":"","_et_gb_content_width":"","footnotes":""},"categories":[4],"tags":[],"_links":{"self":[{"href":"https:\/\/face.unt.edu.ar\/web\/wp-json\/wp\/v2\/posts\/6729"}],"collection":[{"href":"https:\/\/face.unt.edu.ar\/web\/wp-json\/wp\/v2\/posts"}],"about":[{"href":"https:\/\/face.unt.edu.ar\/web\/wp-json\/wp\/v2\/types\/post"}],"author":[{"embeddable":true,"href":"https:\/\/face.unt.edu.ar\/web\/wp-json\/wp\/v2\/users\/3"}],"replies":[{"embeddable":true,"href":"https:\/\/face.unt.edu.ar\/web\/wp-json\/wp\/v2\/comments?post=6729"}],"version-history":[{"count":4,"href":"https:\/\/face.unt.edu.ar\/web\/wp-json\/wp\/v2\/posts\/6729\/revisions"}],"predecessor-version":[{"id":6734,"href":"https:\/\/face.unt.edu.ar\/web\/wp-json\/wp\/v2\/posts\/6729\/revisions\/6734"}],"wp:featuredmedia":[{"embeddable":true,"href":"https:\/\/face.unt.edu.ar\/web\/wp-json\/wp\/v2\/media\/6731"}],"wp:attachment":[{"href":"https:\/\/face.unt.edu.ar\/web\/wp-json\/wp\/v2\/media?parent=6729"}],"wp:term":[{"taxonomy":"category","embeddable":true,"href":"https:\/\/face.unt.edu.ar\/web\/wp-json\/wp\/v2\/categories?post=6729"},{"taxonomy":"post_tag","embeddable":true,"href":"https:\/\/face.unt.edu.ar\/web\/wp-json\/wp\/v2\/tags?post=6729"}],"curies":[{"name":"wp","href":"https:\/\/api.w.org\/{rel}","templated":true}]}}