{"id":6777,"date":"2018-06-04T12:18:26","date_gmt":"2018-06-04T12:18:26","guid":{"rendered":"http:\/\/face.unt.edu.ar\/web\/?p=6777"},"modified":"2018-06-04T12:18:26","modified_gmt":"2018-06-04T12:18:26","slug":"se-realizo-con-exito-el-taller-de-capacitacion-docente-los-desafios-de-facilitar-el-aprendizaje","status":"publish","type":"post","link":"https:\/\/face.unt.edu.ar\/web\/blog\/se-realizo-con-exito-el-taller-de-capacitacion-docente-los-desafios-de-facilitar-el-aprendizaje\/","title":{"rendered":"Se realiz\u00f3 con \u00e9xito el Taller de Capacitaci\u00f3n Docente: \u00abLos desaf\u00edos de facilitar el aprendizaje\u00bb"},"content":{"rendered":"<p>Se realiz\u00f3 con \u00e9xito en nuestra Facultad, el Taller de Capacitaci\u00f3n Docente: \u00abLos desaf\u00edos de facilitar el aprendizaje\u00bb, que estuvo a cargo de la Profesora Gabriela Garone, especialista en la aplicaci\u00f3n de t\u00e9cnicas de din\u00e1mica grupal en el proceso de aprendizaje.<\/p>\n<p>Estuvo destinado a docentes de nuestra Casa de Estudios, quienes participaron de las distintas actividades previstas y organizadas de una manera particular, como es habitual, en las distintas capacitaciones que dicta esta especialista. La jornada se desdobl\u00f3 en dos comisiones.<\/p>\n<p><a href=\"http:\/\/face.unt.edu.ar\/web\/wp-content\/uploads\/2018\/06\/33923397_1012418382260356_5189963382983229440_n.jpg\"><img decoding=\"async\" loading=\"lazy\" class=\" wp-image-6779 aligncenter\" src=\"http:\/\/face.unt.edu.ar\/web\/wp-content\/uploads\/2018\/06\/33923397_1012418382260356_5189963382983229440_n-300x225.jpg\" alt=\"\" width=\"305\" height=\"229\" srcset=\"https:\/\/face.unt.edu.ar\/web\/wp-content\/uploads\/2018\/06\/33923397_1012418382260356_5189963382983229440_n-300x225.jpg 300w, https:\/\/face.unt.edu.ar\/web\/wp-content\/uploads\/2018\/06\/33923397_1012418382260356_5189963382983229440_n-768x576.jpg 768w, https:\/\/face.unt.edu.ar\/web\/wp-content\/uploads\/2018\/06\/33923397_1012418382260356_5189963382983229440_n-585x440.jpg 585w, https:\/\/face.unt.edu.ar\/web\/wp-content\/uploads\/2018\/06\/33923397_1012418382260356_5189963382983229440_n-230x172.jpg 230w, https:\/\/face.unt.edu.ar\/web\/wp-content\/uploads\/2018\/06\/33923397_1012418382260356_5189963382983229440_n.jpg 960w\" sizes=\"(max-width: 305px) 100vw, 305px\" \/><\/a><\/p>\n<div class=\"text_exposed_show\">\n<p><a href=\"http:\/\/face.unt.edu.ar\/web\/wp-content\/uploads\/2018\/06\/33923628_1012418912260303_468313720603279360_n.jpg\"><img decoding=\"async\" loading=\"lazy\" class=\" wp-image-6780 aligncenter\" src=\"http:\/\/face.unt.edu.ar\/web\/wp-content\/uploads\/2018\/06\/33923628_1012418912260303_468313720603279360_n-300x225.jpg\" alt=\"\" width=\"312\" height=\"234\" srcset=\"https:\/\/face.unt.edu.ar\/web\/wp-content\/uploads\/2018\/06\/33923628_1012418912260303_468313720603279360_n-300x225.jpg 300w, https:\/\/face.unt.edu.ar\/web\/wp-content\/uploads\/2018\/06\/33923628_1012418912260303_468313720603279360_n-768x576.jpg 768w, https:\/\/face.unt.edu.ar\/web\/wp-content\/uploads\/2018\/06\/33923628_1012418912260303_468313720603279360_n-585x440.jpg 585w, https:\/\/face.unt.edu.ar\/web\/wp-content\/uploads\/2018\/06\/33923628_1012418912260303_468313720603279360_n-230x172.jpg 230w, https:\/\/face.unt.edu.ar\/web\/wp-content\/uploads\/2018\/06\/33923628_1012418912260303_468313720603279360_n.jpg 960w\" sizes=\"(max-width: 312px) 100vw, 312px\" \/><\/a><\/p>\n<p>&nbsp;<\/p>\n<p><a href=\"http:\/\/face.unt.edu.ar\/web\/wp-content\/uploads\/2018\/06\/33982923_1012418812260313_3496192147328073728_n.jpg\"><img decoding=\"async\" loading=\"lazy\" class=\" wp-image-6781 aligncenter\" src=\"http:\/\/face.unt.edu.ar\/web\/wp-content\/uploads\/2018\/06\/33982923_1012418812260313_3496192147328073728_n-300x169.jpg\" alt=\"\" width=\"295\" height=\"166\" srcset=\"https:\/\/face.unt.edu.ar\/web\/wp-content\/uploads\/2018\/06\/33982923_1012418812260313_3496192147328073728_n-300x169.jpg 300w, https:\/\/face.unt.edu.ar\/web\/wp-content\/uploads\/2018\/06\/33982923_1012418812260313_3496192147328073728_n-768x432.jpg 768w, https:\/\/face.unt.edu.ar\/web\/wp-content\/uploads\/2018\/06\/33982923_1012418812260313_3496192147328073728_n.jpg 960w\" sizes=\"(max-width: 295px) 100vw, 295px\" \/><\/a><\/p>\n<p>&nbsp;<\/p>\n<\/div>\n","protected":false},"excerpt":{"rendered":"<p>Se realiz\u00f3 con \u00e9xito en nuestra Facultad, el Taller de Capacitaci\u00f3n Docente: \u00abLos desaf\u00edos de facilitar el aprendizaje\u00bb, que estuvo a cargo de la Profesora Gabriela Garone, especialista en la aplicaci\u00f3n de t\u00e9cnicas de din\u00e1mica grupal en el proceso de aprendizaje. Estuvo destinado a docentes de nuestra Casa de Estudios, quienes participaron de las distintas [&hellip;]<\/p>\n","protected":false},"author":2,"featured_media":6778,"comment_status":"open","ping_status":"open","sticky":false,"template":"","format":"standard","meta":{"_et_pb_use_builder":"","_et_pb_old_content":"","_et_gb_content_width":"","footnotes":""},"categories":[4],"tags":[],"_links":{"self":[{"href":"https:\/\/face.unt.edu.ar\/web\/wp-json\/wp\/v2\/posts\/6777"}],"collection":[{"href":"https:\/\/face.unt.edu.ar\/web\/wp-json\/wp\/v2\/posts"}],"about":[{"href":"https:\/\/face.unt.edu.ar\/web\/wp-json\/wp\/v2\/types\/post"}],"author":[{"embeddable":true,"href":"https:\/\/face.unt.edu.ar\/web\/wp-json\/wp\/v2\/users\/2"}],"replies":[{"embeddable":true,"href":"https:\/\/face.unt.edu.ar\/web\/wp-json\/wp\/v2\/comments?post=6777"}],"version-history":[{"count":1,"href":"https:\/\/face.unt.edu.ar\/web\/wp-json\/wp\/v2\/posts\/6777\/revisions"}],"predecessor-version":[{"id":6782,"href":"https:\/\/face.unt.edu.ar\/web\/wp-json\/wp\/v2\/posts\/6777\/revisions\/6782"}],"wp:featuredmedia":[{"embeddable":true,"href":"https:\/\/face.unt.edu.ar\/web\/wp-json\/wp\/v2\/media\/6778"}],"wp:attachment":[{"href":"https:\/\/face.unt.edu.ar\/web\/wp-json\/wp\/v2\/media?parent=6777"}],"wp:term":[{"taxonomy":"category","embeddable":true,"href":"https:\/\/face.unt.edu.ar\/web\/wp-json\/wp\/v2\/categories?post=6777"},{"taxonomy":"post_tag","embeddable":true,"href":"https:\/\/face.unt.edu.ar\/web\/wp-json\/wp\/v2\/tags?post=6777"}],"curies":[{"name":"wp","href":"https:\/\/api.w.org\/{rel}","templated":true}]}}