{"id":6820,"date":"2018-06-11T14:46:00","date_gmt":"2018-06-11T14:46:00","guid":{"rendered":"http:\/\/face.unt.edu.ar\/web\/?p=6820"},"modified":"2018-06-11T14:46:00","modified_gmt":"2018-06-11T14:46:00","slug":"gran-convocatoria-de-la-jornada-conoce-economicas-2018","status":"publish","type":"post","link":"https:\/\/face.unt.edu.ar\/web\/blog\/gran-convocatoria-de-la-jornada-conoce-economicas-2018\/","title":{"rendered":"Gran convocatoria de la Jornada Conoc\u00e9 Econ\u00f3micas 2018"},"content":{"rendered":"<p>Se realiz\u00f3 con \u00e9xito en nuestra Facultad, la cuarta edici\u00f3n de la Jornada Conoc\u00e9 Econ\u00f3micas, que tiene por objetivo presentar la oferta acad\u00e9mica de nuestra Casa de Estudios.\u00a0<!--more--><\/p>\n<p>En esta oportunidad, cont\u00f3 con una numerosa participaci\u00f3n de estudiantes de instituciones educativas p\u00fablicas y privadas de nivel medio. Hubo charlas, pudieron asistir a fragmentos de clases reales vivenciando la din\u00e1mica universitaria y se hizo un recorrido por las instalaciones de nuestra Facultad. Adem\u00e1s, integrantes del Sistema de Tutor\u00edas instalaron un stand informativo.<\/p>\n<p>La actividad central fue la presentaci\u00f3n de las tres carreras que se dictan en nuestra Unidad Acad\u00e9mica, que estuvo a cargo de egresados que compartieron sus experiencias como estudiantes, su inserci\u00f3n en el campo laboral y su actividad profesional actual. Tambi\u00e9n, hablaron de las incumbencias de cada carrera y de las dificultades que pudieron enfrentar.<\/p>\n<p>El Lic. Luis P\u00e9rez Vides se refiri\u00f3 a la Jornada: \u201cLos j\u00f3venes charlaron con nuestras egresados sobre sus experiencias y vivencias, pudieron despejar las inquietudes y tener un feedback. Quiero agradecer la gran convocatoria y entusiasmo de los asistentes.\u00a0La idea es que conozcan nuestra Facultad y posean una herramienta a la hora de elegir una carrera\u201d.<\/p>\n<p>Cabe destacar que se trata de una actividad organizada por la Secretar\u00eda de Bienestar Estudiantil de la Facultad, junto a los equipos de Camino a la Universidad y el Sistema de Tutor\u00edas de nuestra Casa.<\/p>\n","protected":false},"excerpt":{"rendered":"<p>Se realiz\u00f3 con \u00e9xito en nuestra Facultad, la cuarta edici\u00f3n de la Jornada Conoc\u00e9 Econ\u00f3micas, que tiene por objetivo presentar la oferta acad\u00e9mica de nuestra Casa de Estudios.\u00a0<\/p>\n","protected":false},"author":2,"featured_media":6821,"comment_status":"open","ping_status":"open","sticky":false,"template":"","format":"standard","meta":{"_et_pb_use_builder":"","_et_pb_old_content":"","_et_gb_content_width":"","footnotes":""},"categories":[4],"tags":[],"_links":{"self":[{"href":"https:\/\/face.unt.edu.ar\/web\/wp-json\/wp\/v2\/posts\/6820"}],"collection":[{"href":"https:\/\/face.unt.edu.ar\/web\/wp-json\/wp\/v2\/posts"}],"about":[{"href":"https:\/\/face.unt.edu.ar\/web\/wp-json\/wp\/v2\/types\/post"}],"author":[{"embeddable":true,"href":"https:\/\/face.unt.edu.ar\/web\/wp-json\/wp\/v2\/users\/2"}],"replies":[{"embeddable":true,"href":"https:\/\/face.unt.edu.ar\/web\/wp-json\/wp\/v2\/comments?post=6820"}],"version-history":[{"count":1,"href":"https:\/\/face.unt.edu.ar\/web\/wp-json\/wp\/v2\/posts\/6820\/revisions"}],"predecessor-version":[{"id":6822,"href":"https:\/\/face.unt.edu.ar\/web\/wp-json\/wp\/v2\/posts\/6820\/revisions\/6822"}],"wp:featuredmedia":[{"embeddable":true,"href":"https:\/\/face.unt.edu.ar\/web\/wp-json\/wp\/v2\/media\/6821"}],"wp:attachment":[{"href":"https:\/\/face.unt.edu.ar\/web\/wp-json\/wp\/v2\/media?parent=6820"}],"wp:term":[{"taxonomy":"category","embeddable":true,"href":"https:\/\/face.unt.edu.ar\/web\/wp-json\/wp\/v2\/categories?post=6820"},{"taxonomy":"post_tag","embeddable":true,"href":"https:\/\/face.unt.edu.ar\/web\/wp-json\/wp\/v2\/tags?post=6820"}],"curies":[{"name":"wp","href":"https:\/\/api.w.org\/{rel}","templated":true}]}}