{"id":6823,"date":"2018-06-11T14:52:27","date_gmt":"2018-06-11T14:52:27","guid":{"rendered":"http:\/\/face.unt.edu.ar\/web\/?p=6823"},"modified":"2018-06-11T14:52:27","modified_gmt":"2018-06-11T14:52:27","slug":"se-hizo-un-homenaje-al-prof-hector-ostengo","status":"publish","type":"post","link":"https:\/\/face.unt.edu.ar\/web\/blog\/se-hizo-un-homenaje-al-prof-hector-ostengo\/","title":{"rendered":"Se hizo un Homenaje al Prof. H\u00e9ctor Ostengo"},"content":{"rendered":"<p>La C\u00e1tedra de Contabilidad I realiz\u00f3 un Homenaje a su Titular, CPN H\u00e9ctor C. Ostengo, al que adhiri\u00f3 la Facultad de Ciencias Econ\u00f3micas.<\/p>\n<p>El acto tuvo lugar en el Aula Magna de nuestra Casa, presidido por el decano, Mg. Jos\u00e9 Luis Jim\u00e9nez, quien estuvo acompa\u00f1ado en el estrado por la vicedecana, Mg. Mar\u00eda Liliana Pacheco, la\u00a0presidente\u00a0del CODECE (Consejo de Decanos de Ciencias Econ\u00f3micas) Beatriz Masa y el homenajeado Prof. Hector Carlos Ostengo.<\/p>\n<p>EL CPN Jorge Jim\u00e9nez fue el encargado de hacer una semblanza sobre el Prof. Ostengo, quien cont\u00f3 an\u00e9cdotas compartidas. Luego el Decano y la Vicedecana de la Facultad, hicieron entrega al homenajeado, de una placa y una medalla, en reconocimiento a su trayectoria docente y de gesti\u00f3n, tanto en la Facultad como en la Universidad Nacional de Tucum\u00e1n.<\/p>\n<p>Al momento de dirigirse al p\u00fablico, el CPN H\u00e9ctor Ostengo se refiri\u00f3 al modo de hacer docencia, entre otras cosas. Hizo hincapi\u00e9\u00a0en la comunicaci\u00f3n y en la informaci\u00f3n expresando que un docente no s\u00f3lo deben tener buena informaci\u00f3n sino saber comunicarla y compartirla con sus alumnos a la hora de formarlos. \u201cEl docente tiene que volcar todo lo que sabe y a\u00fan m\u00e1s all\u00e1, porque en ese caso empieza a influenciar en el modo de vida del alumno, lo que implica el comportamiento de la persona\u201d, afirm\u00f3. Al referirse a\u00a0la\u00a0Facultad dijo: \u201cMe llevo todo. Mi vida est\u00e1 ac\u00e1. Hice una fuerte inversi\u00f3n y me llevo recuerdos de muy buena calidad\u201d.<\/p>\n<p>Del acto participaron autoridades de esta Casa de Estudios, ex autoridades universitarias, ex docentes e integrantes de la comunidad de nuestra Facultad. Familiares e invitados especiales que compartieron tan emotivo momento.<\/p>\n","protected":false},"excerpt":{"rendered":"<p>La C\u00e1tedra de Contabilidad I realiz\u00f3 un Homenaje a su Titular, CPN H\u00e9ctor C. Ostengo, al que adhiri\u00f3 la Facultad de Ciencias Econ\u00f3micas. El acto tuvo lugar en el Aula Magna de nuestra Casa, presidido por el decano, Mg. Jos\u00e9 Luis Jim\u00e9nez, quien estuvo acompa\u00f1ado en el estrado por la vicedecana, Mg. Mar\u00eda Liliana Pacheco, [&hellip;]<\/p>\n","protected":false},"author":2,"featured_media":6824,"comment_status":"open","ping_status":"open","sticky":false,"template":"","format":"standard","meta":{"_et_pb_use_builder":"","_et_pb_old_content":"","_et_gb_content_width":"","footnotes":""},"categories":[4],"tags":[],"_links":{"self":[{"href":"https:\/\/face.unt.edu.ar\/web\/wp-json\/wp\/v2\/posts\/6823"}],"collection":[{"href":"https:\/\/face.unt.edu.ar\/web\/wp-json\/wp\/v2\/posts"}],"about":[{"href":"https:\/\/face.unt.edu.ar\/web\/wp-json\/wp\/v2\/types\/post"}],"author":[{"embeddable":true,"href":"https:\/\/face.unt.edu.ar\/web\/wp-json\/wp\/v2\/users\/2"}],"replies":[{"embeddable":true,"href":"https:\/\/face.unt.edu.ar\/web\/wp-json\/wp\/v2\/comments?post=6823"}],"version-history":[{"count":1,"href":"https:\/\/face.unt.edu.ar\/web\/wp-json\/wp\/v2\/posts\/6823\/revisions"}],"predecessor-version":[{"id":6825,"href":"https:\/\/face.unt.edu.ar\/web\/wp-json\/wp\/v2\/posts\/6823\/revisions\/6825"}],"wp:featuredmedia":[{"embeddable":true,"href":"https:\/\/face.unt.edu.ar\/web\/wp-json\/wp\/v2\/media\/6824"}],"wp:attachment":[{"href":"https:\/\/face.unt.edu.ar\/web\/wp-json\/wp\/v2\/media?parent=6823"}],"wp:term":[{"taxonomy":"category","embeddable":true,"href":"https:\/\/face.unt.edu.ar\/web\/wp-json\/wp\/v2\/categories?post=6823"},{"taxonomy":"post_tag","embeddable":true,"href":"https:\/\/face.unt.edu.ar\/web\/wp-json\/wp\/v2\/tags?post=6823"}],"curies":[{"name":"wp","href":"https:\/\/api.w.org\/{rel}","templated":true}]}}