{"id":6827,"date":"2018-06-13T14:49:23","date_gmt":"2018-06-13T14:49:23","guid":{"rendered":"http:\/\/face.unt.edu.ar\/web\/?p=6827"},"modified":"2018-06-13T14:49:23","modified_gmt":"2018-06-13T14:49:23","slug":"la-face-capacita-a-emprendedores-y-alumnos-en-el-marco-del-programa-emprendedor-pecuario-regional","status":"publish","type":"post","link":"https:\/\/face.unt.edu.ar\/web\/blog\/la-face-capacita-a-emprendedores-y-alumnos-en-el-marco-del-programa-emprendedor-pecuario-regional\/","title":{"rendered":"La FACE capacita a emprendedores y alumnos en el marco del programa \u00abEmprendedor Pecuario Regional\u00bb"},"content":{"rendered":"<p>Como parte de las actividades que se desarrollan en el espacio de Econ\u00f3micas Emprende-Usina de Emprendedores de la Secretar\u00eda de Extensi\u00f3n y Relaciones Institucionales de la Facultad de Ciencias Econ\u00f3micas, la facultad realiz\u00f3 las capacitaciones dentro del Programa EMPRENDEDOR PECUARIO REGIONAL coordinado por la Lic. Patricia Condor\u00ed de la Fundaci\u00f3n Vicente Lucci, en el Municipio de La Cocha los d\u00edas martes 29 de Mayo y 6 de Junio de 14 a 17 horas.<\/p>\n<p>Las capacitaciones estuvieron a cargo de la Coordinadora de Econ\u00f3micas Emprende Mg. Liliana Fagre, quien fue acompa\u00f1ada por alumnas de la Pr\u00e1ctica Profesional de la Licenciatura en Administraci\u00f3n, Josefina Chaile Alum y Lourdes Robles Ter\u00e1n. En las mismas se entregaron a cada participante material con contenido te\u00f3rico sobre los temas: Emprendedorismo, Comercializaci\u00f3n y An\u00e1lisis financiero como as\u00ed tambi\u00e9n fichas para completar con informaci\u00f3n sobre los emprendimientos y\/o ideas proyectos de cada participante.<\/p>\n<p>Concurrieron a cada capacitaci\u00f3n alrededor de 70 asistentes entre productores, emprendedores, alumnos del IES y alumnos de Agrot\u00e9cnica de Los Pizarros acompa\u00f1ados por sus docentes.<\/p>\n<p>La primera capacitaci\u00f3n se bas\u00f3 en Qu\u00e9 es un emprendedor, de d\u00f3nde surgen las ideas, en qu\u00e9 consiste la comercializaci\u00f3n: a qui\u00e9n vender, qu\u00e9 vender dentro del marco de una estrategia comercial.<\/p>\n<p>Para la segunda jornada de capacitaci\u00f3n se presentaron los conceptos de Ingresos, Costos fijos y variables, ganancia, inversiones, capital de trabajo entre otros.<\/p>\n<p>Para dichas capacitaciones se trabaj\u00f3 con videos testimoniales de emprendedores rurales y se completaron fichas con la informaci\u00f3n de los emprendimientos\/ideas proyectos como la cr\u00eda de cerdos, pollos parrilleros, ponedoras, conejos, conservas varias, huertas, viveros, etc.<\/p>\n<p>Tambi\u00e9n se gener\u00f3 un espacio para la participaci\u00f3n de los asistentes y preguntas sobre las tem\u00e1ticas tratadas y un espacio para networking durante el coffe break brindado por integrantes del Municipio de La Cocha.<\/p>\n<p>El cierre del Programa Pecuario Regional realizado en la localidad de La Cocha ser\u00e1 el d\u00eda 26 de Junio.<\/p>\n","protected":false},"excerpt":{"rendered":"<p>Como parte de las actividades que se desarrollan en el espacio de Econ\u00f3micas Emprende-Usina de Emprendedores de la Secretar\u00eda de Extensi\u00f3n y Relaciones Institucionales de la Facultad de Ciencias Econ\u00f3micas, la facultad realiz\u00f3 las capacitaciones dentro del Programa EMPRENDEDOR PECUARIO REGIONAL coordinado por la Lic. Patricia Condor\u00ed de la Fundaci\u00f3n Vicente Lucci, en el Municipio [&hellip;]<\/p>\n","protected":false},"author":3,"featured_media":6828,"comment_status":"open","ping_status":"open","sticky":false,"template":"","format":"standard","meta":{"_et_pb_use_builder":"","_et_pb_old_content":"","_et_gb_content_width":"","footnotes":""},"categories":[4],"tags":[],"_links":{"self":[{"href":"https:\/\/face.unt.edu.ar\/web\/wp-json\/wp\/v2\/posts\/6827"}],"collection":[{"href":"https:\/\/face.unt.edu.ar\/web\/wp-json\/wp\/v2\/posts"}],"about":[{"href":"https:\/\/face.unt.edu.ar\/web\/wp-json\/wp\/v2\/types\/post"}],"author":[{"embeddable":true,"href":"https:\/\/face.unt.edu.ar\/web\/wp-json\/wp\/v2\/users\/3"}],"replies":[{"embeddable":true,"href":"https:\/\/face.unt.edu.ar\/web\/wp-json\/wp\/v2\/comments?post=6827"}],"version-history":[{"count":1,"href":"https:\/\/face.unt.edu.ar\/web\/wp-json\/wp\/v2\/posts\/6827\/revisions"}],"predecessor-version":[{"id":6829,"href":"https:\/\/face.unt.edu.ar\/web\/wp-json\/wp\/v2\/posts\/6827\/revisions\/6829"}],"wp:featuredmedia":[{"embeddable":true,"href":"https:\/\/face.unt.edu.ar\/web\/wp-json\/wp\/v2\/media\/6828"}],"wp:attachment":[{"href":"https:\/\/face.unt.edu.ar\/web\/wp-json\/wp\/v2\/media?parent=6827"}],"wp:term":[{"taxonomy":"category","embeddable":true,"href":"https:\/\/face.unt.edu.ar\/web\/wp-json\/wp\/v2\/categories?post=6827"},{"taxonomy":"post_tag","embeddable":true,"href":"https:\/\/face.unt.edu.ar\/web\/wp-json\/wp\/v2\/tags?post=6827"}],"curies":[{"name":"wp","href":"https:\/\/api.w.org\/{rel}","templated":true}]}}