{"id":6855,"date":"2018-06-15T17:56:08","date_gmt":"2018-06-15T17:56:08","guid":{"rendered":"http:\/\/face.unt.edu.ar\/web\/?p=6855"},"modified":"2018-06-15T17:56:08","modified_gmt":"2018-06-15T17:56:08","slug":"hoy-se-conmemora-el-centenario-de-la-reforma-universitaria-de-1919","status":"publish","type":"post","link":"https:\/\/face.unt.edu.ar\/web\/blog\/hoy-se-conmemora-el-centenario-de-la-reforma-universitaria-de-1919\/","title":{"rendered":"Hoy se conmemora el Centenario de la Reforma Universitaria de 1919"},"content":{"rendered":"<div dir=\"auto\">Hoy se cumplen 100 a\u00f1os de la Reforma Universitaria, la gesta educacional m\u00e1s importante de latinoam\u00e9rica, que logr\u00f3 reformar estructuras, contenidos y fines de la universidad argentina y latinoamericana, transform\u00e1ndose en un movimiento continental y mundial.<\/div>\n<div dir=\"auto\"><\/div>\n<div dir=\"auto\">En este d\u00eda tan especial para quienes hemos transitado nuestra vida universitaria, defendiendo los principios que dio lugar esa gesta hist\u00f3rica, reafirmamos una vez m\u00e1s nuestro compromiso con una Universidad P\u00fablica, Gratuita, Laica, Cogobernada, de Calidad, al servicio de la sociedad, igualadora de oportunidades y motor de movilidad social.<\/div>\n<div dir=\"auto\"><\/div>\n<div dir=\"auto\">\n<div dir=\"auto\">Desde hoy contamos para el pa\u00eds, una verg\u00fcenza menos y una libertad m\u00e1s. Los dolores que nos quedan son las libertades que nos faltan.<\/div>\n<\/div>\n<div dir=\"auto\"><\/div>\n<div dir=\"auto\">Si no existe una vinculaci\u00f3n espiritual entre el que ense\u00f1a y el que aprende, toda ense\u00f1anza es hostil y de consiguiente infecunda. Toda la educaci\u00f3n es una larga obra de amor a los que aprenden.<\/div>\n","protected":false},"excerpt":{"rendered":"<p>Hoy se cumplen 100 a\u00f1os de la Reforma Universitaria, la gesta educacional m\u00e1s importante de latinoam\u00e9rica, que logr\u00f3 reformar estructuras, contenidos y fines de la universidad argentina y latinoamericana, transform\u00e1ndose en un movimiento continental y mundial. En este d\u00eda tan especial para quienes hemos transitado nuestra vida universitaria, defendiendo los principios que dio lugar esa [&hellip;]<\/p>\n","protected":false},"author":2,"featured_media":6856,"comment_status":"open","ping_status":"open","sticky":false,"template":"","format":"standard","meta":{"_et_pb_use_builder":"","_et_pb_old_content":"","_et_gb_content_width":"","footnotes":""},"categories":[4],"tags":[],"_links":{"self":[{"href":"https:\/\/face.unt.edu.ar\/web\/wp-json\/wp\/v2\/posts\/6855"}],"collection":[{"href":"https:\/\/face.unt.edu.ar\/web\/wp-json\/wp\/v2\/posts"}],"about":[{"href":"https:\/\/face.unt.edu.ar\/web\/wp-json\/wp\/v2\/types\/post"}],"author":[{"embeddable":true,"href":"https:\/\/face.unt.edu.ar\/web\/wp-json\/wp\/v2\/users\/2"}],"replies":[{"embeddable":true,"href":"https:\/\/face.unt.edu.ar\/web\/wp-json\/wp\/v2\/comments?post=6855"}],"version-history":[{"count":2,"href":"https:\/\/face.unt.edu.ar\/web\/wp-json\/wp\/v2\/posts\/6855\/revisions"}],"predecessor-version":[{"id":6858,"href":"https:\/\/face.unt.edu.ar\/web\/wp-json\/wp\/v2\/posts\/6855\/revisions\/6858"}],"wp:featuredmedia":[{"embeddable":true,"href":"https:\/\/face.unt.edu.ar\/web\/wp-json\/wp\/v2\/media\/6856"}],"wp:attachment":[{"href":"https:\/\/face.unt.edu.ar\/web\/wp-json\/wp\/v2\/media?parent=6855"}],"wp:term":[{"taxonomy":"category","embeddable":true,"href":"https:\/\/face.unt.edu.ar\/web\/wp-json\/wp\/v2\/categories?post=6855"},{"taxonomy":"post_tag","embeddable":true,"href":"https:\/\/face.unt.edu.ar\/web\/wp-json\/wp\/v2\/tags?post=6855"}],"curies":[{"name":"wp","href":"https:\/\/api.w.org\/{rel}","templated":true}]}}