{"id":6890,"date":"2018-06-26T14:59:33","date_gmt":"2018-06-26T14:59:33","guid":{"rendered":"http:\/\/face.unt.edu.ar\/web\/?p=6890"},"modified":"2018-06-26T14:59:33","modified_gmt":"2018-06-26T14:59:33","slug":"seminario-para-joveneslideres","status":"publish","type":"post","link":"https:\/\/face.unt.edu.ar\/web\/blog\/seminario-para-joveneslideres\/","title":{"rendered":"Seminario para J\u00f3venesL\u00edderes"},"content":{"rendered":"<p>Seminario para\u00a0<a href=\"http:\/\/cts.vresp.com\/c\/?ComisinFulbrightArge\/5aa3670511\/441bf0fae5\/6b8515a27d\/source=feed_text\">J\u00f3venesL\u00edderes<\/a>\u00a0auspiciado por @FulbrightArg y @UdeSA. La convocatoria estar\u00e1 abierta hasta el 12 de julio:\u00a0<a href=\"http:\/\/cts.vresp.com\/c\/?ComisinFulbrightArge\/5aa3670511\/441bf0fae5\/3c68ecd554\" target=\"_blank\" rel=\"noopener\">https:\/\/bit.ly\/1O54P7G<\/a>.<\/p>\n<p>Los seleccionados participar\u00e1n de un seminario intensivo del 6 al 11 de agosto en la sede centro de la Universidad de San Andr\u00e9s. Al a\u00f1o siguiente, quienes hayan tenido mejor desempe\u00f1o durante el seminario viajar\u00e1n a un seminario complementario en la Universidad de Massachusetts, Amherst.<\/p>\n<p>&nbsp;<\/p>\n<p><a href=\"http:\/\/face.unt.edu.ar\/web\/wp-content\/uploads\/2018\/06\/SAN-ANDRES-Flyer-2018-updated-2-1.jpg\"><img decoding=\"async\" loading=\"lazy\" class=\" wp-image-6891 aligncenter\" src=\"http:\/\/face.unt.edu.ar\/web\/wp-content\/uploads\/2018\/06\/SAN-ANDRES-Flyer-2018-updated-2-1-182x300.jpg\" alt=\"\" width=\"372\" height=\"613\" srcset=\"https:\/\/face.unt.edu.ar\/web\/wp-content\/uploads\/2018\/06\/SAN-ANDRES-Flyer-2018-updated-2-1-182x300.jpg 182w, https:\/\/face.unt.edu.ar\/web\/wp-content\/uploads\/2018\/06\/SAN-ANDRES-Flyer-2018-updated-2-1.jpg 600w\" sizes=\"(max-width: 372px) 100vw, 372px\" \/><\/a><\/p>\n","protected":false},"excerpt":{"rendered":"<p>Seminario para\u00a0J\u00f3venesL\u00edderes\u00a0auspiciado por @FulbrightArg y @UdeSA. La convocatoria estar\u00e1 abierta hasta el 12 de julio:\u00a0https:\/\/bit.ly\/1O54P7G. Los seleccionados participar\u00e1n de un seminario intensivo del 6 al 11 de agosto en la sede centro de la Universidad de San Andr\u00e9s. Al a\u00f1o siguiente, quienes hayan tenido mejor desempe\u00f1o durante el seminario viajar\u00e1n a un seminario complementario en [&hellip;]<\/p>\n","protected":false},"author":2,"featured_media":6892,"comment_status":"open","ping_status":"open","sticky":false,"template":"","format":"standard","meta":{"_et_pb_use_builder":"","_et_pb_old_content":"","_et_gb_content_width":"","footnotes":""},"categories":[4],"tags":[],"_links":{"self":[{"href":"https:\/\/face.unt.edu.ar\/web\/wp-json\/wp\/v2\/posts\/6890"}],"collection":[{"href":"https:\/\/face.unt.edu.ar\/web\/wp-json\/wp\/v2\/posts"}],"about":[{"href":"https:\/\/face.unt.edu.ar\/web\/wp-json\/wp\/v2\/types\/post"}],"author":[{"embeddable":true,"href":"https:\/\/face.unt.edu.ar\/web\/wp-json\/wp\/v2\/users\/2"}],"replies":[{"embeddable":true,"href":"https:\/\/face.unt.edu.ar\/web\/wp-json\/wp\/v2\/comments?post=6890"}],"version-history":[{"count":1,"href":"https:\/\/face.unt.edu.ar\/web\/wp-json\/wp\/v2\/posts\/6890\/revisions"}],"predecessor-version":[{"id":6893,"href":"https:\/\/face.unt.edu.ar\/web\/wp-json\/wp\/v2\/posts\/6890\/revisions\/6893"}],"wp:featuredmedia":[{"embeddable":true,"href":"https:\/\/face.unt.edu.ar\/web\/wp-json\/wp\/v2\/media\/6892"}],"wp:attachment":[{"href":"https:\/\/face.unt.edu.ar\/web\/wp-json\/wp\/v2\/media?parent=6890"}],"wp:term":[{"taxonomy":"category","embeddable":true,"href":"https:\/\/face.unt.edu.ar\/web\/wp-json\/wp\/v2\/categories?post=6890"},{"taxonomy":"post_tag","embeddable":true,"href":"https:\/\/face.unt.edu.ar\/web\/wp-json\/wp\/v2\/tags?post=6890"}],"curies":[{"name":"wp","href":"https:\/\/api.w.org\/{rel}","templated":true}]}}