{"id":6942,"date":"2018-07-23T15:55:47","date_gmt":"2018-07-23T15:55:47","guid":{"rendered":"http:\/\/face.unt.edu.ar\/web\/?p=6942"},"modified":"2018-07-23T15:55:47","modified_gmt":"2018-07-23T15:55:47","slug":"raul-pedro-mentz-16-12-1932-18-07-2018","status":"publish","type":"post","link":"https:\/\/face.unt.edu.ar\/web\/blog\/raul-pedro-mentz-16-12-1932-18-07-2018\/","title":{"rendered":"Ra\u00fal Pedro Mentz (16\/12\/1932 \u2013 18\/07\/2018)"},"content":{"rendered":"<p>El d\u00eda 18 de julio \u00faltimo falleci\u00f3, a la edad de ochenta y cinco a\u00f1os, el Dr. Ra\u00fal Pedro Mentz.<\/p>\n<p>El Dr. Mentz se recibi\u00f3 con el t\u00edtulo de contador en la Facultad de Ciencias Econ\u00f3micas de la Universidad Nacional de Tucum\u00e1n y desde muy joven tuvo inter\u00e9s en la Estad\u00edstica. Viaj\u00f3 a los Estados Unidos para realizar primero un Master en la Universidad de Harvard y luego su doctorado en Estad\u00edstica en la Universidad de Standford. Cuando regres\u00f3 a Tucum\u00e1n\u00a0 organiz\u00f3 la Especializaci\u00f3n en Estad\u00edstica Aplicada, base de uno de los primeros posgrados estructurados de la Universidad Nacional de Tucum\u00e1n que ha mantendio su funcionamiento desde el a\u00f1o 1983. Su idea fue ofrecer formaci\u00f3n de estad\u00edstica a profesionales provenientes de diferentes disciplinas. Este posgrado hizo que la Facultad se proyectara no s\u00f3lo a nivel nacional sino tambi\u00e9n internacional.<\/p>\n<p>Se desempe\u00f1\u00f3 como Profesor Titular de la materia Estad\u00edstica Inferencial, Director del Instituto de Investigaciones Estad\u00edsticas, Director de la Maestr\u00eda en Estad\u00edstica Aplicada, coDirector del Doctorado en Estad\u00edstica y tambi\u00e9n fue su Decano. Adem\u00e1s de su trascendente tarea docente realiz\u00f3 importantes contribuciones a la disciplina como Investigador Principal del CONICET, carrera a la que se incorpor\u00f3 en el a\u00f1o 1977. Los resultados alcanzados fueron publicados en revistas y citados en libros de la especialidad.<\/p>\n<p>En forma simult\u00e1nea fue vicepresidente y luego presidente de la Sociedad Argentina de Estad\u00edstica (SAE), vicepresidente del Instituto Internacional de Estad\u00edstica (ISI), vicepresidente Primero del IASI (Instituto Interamericano de Estad\u00edstica), Presidente del Comit\u00e9 Ejecutivo y miembro del Consejo Consultivo del IASI desde su creaci\u00f3n en 2002. Se destac\u00f3 como promotor del Programa del IASI de Seminarios de Estad\u00edstica Aplicada, organizando el Primero de la Serie en la ciudad de Mar del Plata en el a\u00f1o 1987 y los siguientes ocho.<\/p>\n<p>Fue editor y \u201ccolaborador\u201d de la revista \u201cEstad\u00edstica\u201d del IASI, como autor de art\u00edculos y conuninstimable compromiso en su impresi\u00f3n y distribuci\u00f3n en etapas cr\u00edticas en Am\u00e9rica Latina.<\/p>\n<p>Por su destacada trayectoria acad\u00e9mica fue distinguido como Profesor Em\u00e9rito por la Universidad Nacional de Tucum\u00e1n en el a\u00f1o 2005 y el IASI lo homenaje\u00f3 en Septiembre de 2008, en San Miguel de Tuum\u00e1n, \u00a0en una jornada a la que asistieron destacos referentes de la Estad\u00edstica y cient\u00edficos de diversas disciplinas.<\/p>\n<p>El doctor Mentz gener\u00f3 lazos con organismos gubernamentales y empresas privadas en las que se desempe\u00f1\u00f3 como consultor resolviendo problemas concretos de las instituciones aplicando t\u00e9cnica novedosas tanto en forma personal como guiando grupos de trabajo.<\/p>\n<p>Estuvo casado desde 1956 con Guillermina E. Fierro (Coca), con la que tuvo tres hijos, Mar\u00eda Isabel, Graciela Beatriz y Ra\u00fal Pedro, once nietos y once bisnietos.<\/p>\n<p>Como una s\u00edntesis de su \u00a0personalidad y\u00a0 trayectoria podr\u00eda decirse que el Dr. Ra\u00fal Pedro Mentz fue un verdadero \u201cMaestro\u201d con may\u00fascula pues form\u00f3 con rigor acad\u00e9mico y marcado entusiasmo a muchas generaciones de profesionales de nuestra provincia, el pa\u00eds y Am\u00e9rica Latina que apreciaron as\u00ed a la Estad\u00edstica como una disciplina imprescindible para la investigaci\u00f3n y el progreso de las ciencias.<\/p>\n<p>&nbsp;<\/p>\n<p>&nbsp;<\/p>\n","protected":false},"excerpt":{"rendered":"<p>El d\u00eda 18 de julio \u00faltimo falleci\u00f3, a la edad de ochenta y cinco a\u00f1os, el Dr. Ra\u00fal Pedro Mentz. El Dr. Mentz se recibi\u00f3 con el t\u00edtulo de contador en la Facultad de Ciencias Econ\u00f3micas de la Universidad Nacional de Tucum\u00e1n y desde muy joven tuvo inter\u00e9s en la Estad\u00edstica. Viaj\u00f3 a los Estados [&hellip;]<\/p>\n","protected":false},"author":2,"featured_media":6943,"comment_status":"open","ping_status":"open","sticky":false,"template":"","format":"standard","meta":{"_et_pb_use_builder":"","_et_pb_old_content":"","_et_gb_content_width":"","footnotes":""},"categories":[4],"tags":[],"_links":{"self":[{"href":"https:\/\/face.unt.edu.ar\/web\/wp-json\/wp\/v2\/posts\/6942"}],"collection":[{"href":"https:\/\/face.unt.edu.ar\/web\/wp-json\/wp\/v2\/posts"}],"about":[{"href":"https:\/\/face.unt.edu.ar\/web\/wp-json\/wp\/v2\/types\/post"}],"author":[{"embeddable":true,"href":"https:\/\/face.unt.edu.ar\/web\/wp-json\/wp\/v2\/users\/2"}],"replies":[{"embeddable":true,"href":"https:\/\/face.unt.edu.ar\/web\/wp-json\/wp\/v2\/comments?post=6942"}],"version-history":[{"count":1,"href":"https:\/\/face.unt.edu.ar\/web\/wp-json\/wp\/v2\/posts\/6942\/revisions"}],"predecessor-version":[{"id":6944,"href":"https:\/\/face.unt.edu.ar\/web\/wp-json\/wp\/v2\/posts\/6942\/revisions\/6944"}],"wp:featuredmedia":[{"embeddable":true,"href":"https:\/\/face.unt.edu.ar\/web\/wp-json\/wp\/v2\/media\/6943"}],"wp:attachment":[{"href":"https:\/\/face.unt.edu.ar\/web\/wp-json\/wp\/v2\/media?parent=6942"}],"wp:term":[{"taxonomy":"category","embeddable":true,"href":"https:\/\/face.unt.edu.ar\/web\/wp-json\/wp\/v2\/categories?post=6942"},{"taxonomy":"post_tag","embeddable":true,"href":"https:\/\/face.unt.edu.ar\/web\/wp-json\/wp\/v2\/tags?post=6942"}],"curies":[{"name":"wp","href":"https:\/\/api.w.org\/{rel}","templated":true}]}}