{"id":7002,"date":"2018-07-31T19:27:55","date_gmt":"2018-07-31T19:27:55","guid":{"rendered":"http:\/\/face.unt.edu.ar\/web\/?p=7002"},"modified":"2018-07-31T19:35:57","modified_gmt":"2018-07-31T19:35:57","slug":"este-jueves-se-realiza-la-asamblea-general-ordinaria-de-la-coopce","status":"publish","type":"post","link":"https:\/\/face.unt.edu.ar\/web\/blog\/este-jueves-se-realiza-la-asamblea-general-ordinaria-de-la-coopce\/","title":{"rendered":"Este jueves se realiza la Asamblea General Ordinaria de la COOPCE"},"content":{"rendered":"<p>La Asociaci\u00f3n Cooperadora de la Facultad de Ciencias Econ\u00f3micas informa que el <strong>Jueves 02 de Agosto<\/strong>, <strong>a las 13:00 horas<\/strong>, del corriente a\u00f1o, se llevar\u00e1 a cabo la\u00a0<strong>Asamblea General Ordinaria<\/strong>\u00a0de la Asociaci\u00f3n Cooperadora de la Facultad de Ciencias Econ\u00f3micas de la UNT, en la Sala del Honorable Consejo Directivo, para tratar el siguiente Orden del d\u00eda:<!--more--><\/p>\n<ol>\n<li>Designaci\u00f3n de dos asociados para suscribir el Acta.<\/li>\n<li>Consideraci\u00f3n y Justificaci\u00f3n de los motivos de la demora del llamado a Asamblea.<\/li>\n<li>Consideraci\u00f3n de la Memoria, Inventario, Estados Contables, Dictamen del Auditor\u00a0\u00a0e Informe de la comisi\u00f3n Revisora de Cuentas por el ejercicio finalizado el 31\/03\/2017.<\/li>\n<\/ol>\n<ol start=\"4\">\n<li>Valor de la Cuota Social a cobrar a los Asociados.<\/li>\n<\/ol>\n<p><strong>Los Estados Contables por el ejercicio finalizado el 31\/03\/17 est\u00e1n a su disposici\u00f3n, <a href=\"https:\/\/drive.google.com\/file\/d\/0BwZE7DzLP04YOHJMUng4NFg1VkJ5UGliWG82RDEwb1loc2RN\/view?usp=sharing\" target=\"_blank\" rel=\"noopener\">puede descargarlos haciendo click aqu\u00ed.<\/a><\/strong><\/p>\n","protected":false},"excerpt":{"rendered":"<p>La Asociaci\u00f3n Cooperadora de la Facultad de Ciencias Econ\u00f3micas informa que el Jueves 02 de Agosto, a las 13:00 horas, del corriente a\u00f1o, se llevar\u00e1 a cabo la\u00a0Asamblea General Ordinaria\u00a0de la Asociaci\u00f3n Cooperadora de la Facultad de Ciencias Econ\u00f3micas de la UNT, en la Sala del Honorable Consejo Directivo, para tratar el siguiente Orden del [&hellip;]<\/p>\n","protected":false},"author":2,"featured_media":1506,"comment_status":"open","ping_status":"open","sticky":false,"template":"","format":"standard","meta":{"_et_pb_use_builder":"","_et_pb_old_content":"","_et_gb_content_width":"","footnotes":""},"categories":[4],"tags":[],"_links":{"self":[{"href":"https:\/\/face.unt.edu.ar\/web\/wp-json\/wp\/v2\/posts\/7002"}],"collection":[{"href":"https:\/\/face.unt.edu.ar\/web\/wp-json\/wp\/v2\/posts"}],"about":[{"href":"https:\/\/face.unt.edu.ar\/web\/wp-json\/wp\/v2\/types\/post"}],"author":[{"embeddable":true,"href":"https:\/\/face.unt.edu.ar\/web\/wp-json\/wp\/v2\/users\/2"}],"replies":[{"embeddable":true,"href":"https:\/\/face.unt.edu.ar\/web\/wp-json\/wp\/v2\/comments?post=7002"}],"version-history":[{"count":2,"href":"https:\/\/face.unt.edu.ar\/web\/wp-json\/wp\/v2\/posts\/7002\/revisions"}],"predecessor-version":[{"id":7004,"href":"https:\/\/face.unt.edu.ar\/web\/wp-json\/wp\/v2\/posts\/7002\/revisions\/7004"}],"wp:featuredmedia":[{"embeddable":true,"href":"https:\/\/face.unt.edu.ar\/web\/wp-json\/wp\/v2\/media\/1506"}],"wp:attachment":[{"href":"https:\/\/face.unt.edu.ar\/web\/wp-json\/wp\/v2\/media?parent=7002"}],"wp:term":[{"taxonomy":"category","embeddable":true,"href":"https:\/\/face.unt.edu.ar\/web\/wp-json\/wp\/v2\/categories?post=7002"},{"taxonomy":"post_tag","embeddable":true,"href":"https:\/\/face.unt.edu.ar\/web\/wp-json\/wp\/v2\/tags?post=7002"}],"curies":[{"name":"wp","href":"https:\/\/api.w.org\/{rel}","templated":true}]}}