{"id":7005,"date":"2018-07-31T21:36:07","date_gmt":"2018-07-31T21:36:07","guid":{"rendered":"http:\/\/face.unt.edu.ar\/web\/?p=7005"},"modified":"2018-07-31T21:36:07","modified_gmt":"2018-07-31T21:36:07","slug":"cursos-de-extension-de-idioma-ingles","status":"publish","type":"post","link":"https:\/\/face.unt.edu.ar\/web\/blog\/cursos-de-extension-de-idioma-ingles\/","title":{"rendered":"Cursos de Extension de Idioma Ingl\u00e9s"},"content":{"rendered":"<p>Se dictar\u00e1n en nuestra Facultad a cargo de la Prof. Mar\u00eda Teresa Van Nieuwenhove. Se trata de dos propuestas que se dictar\u00e1n de forma gratuita.<\/p>\n<p><strong>Curso de Conversaci\u00f3n en Ingl\u00e9s para Docentes \u2013 Nivel Inicial<\/strong><\/p>\n<p>Se dictar\u00e1 desde el Mi\u00e9rcoles 29 de Agosto hasta el Mi\u00e9rcoles 7 de Noviembre<\/p>\n<p>Aula a fijar.<\/p>\n<p>Horario: todos los Mi\u00e9rcoles de 15:00 a 18:00 horas.<\/p>\n<p>Inscripciones abiertas, via mail: <a href=\"mailto:mtvannieuwenhove@face.unt.edu.ar\">mtvannieuwenhove@face.unt.edu.ar<\/a><\/p>\n<p>Si bien el curso no tiene costo, los asistentes deber\u00e1n abonar el material de estudio.<\/p>\n<p>&nbsp;<\/p>\n<p><strong>Ingl\u00e9s T\u00e9cnico para estudiantes de Ciencias Econ\u00f3micas <\/strong><\/p>\n<p>Se dictar\u00e1 desde el Jueves 30 de Agosto hasta el Jueves 8 de Noviembre<\/p>\n<p>Aula a fijar.<\/p>\n<p>Horario: todos los jueves 9:00 a 12:00 horas.<\/p>\n<p>Se extender\u00e1 certificado de asistencia y aprobaci\u00f3n del Curso.<\/p>\n<p>Inscripciones abiertas, via mail: <a href=\"mailto:mtvannieuwenhove@face.unt.edu.ar\">mtvannieuwenhove@face.unt.edu.ar<\/a><\/p>\n<p>Si bien el curso no tiene costo, los asistentes deber\u00e1n abonar el material de estudio.<\/p>\n<p>&nbsp;<\/p>\n<p>&nbsp;<\/p>\n","protected":false},"excerpt":{"rendered":"<p>Se dictar\u00e1n en nuestra Facultad a cargo de la Prof. Mar\u00eda Teresa Van Nieuwenhove. Se trata de dos propuestas que se dictar\u00e1n de forma gratuita. Curso de Conversaci\u00f3n en Ingl\u00e9s para Docentes \u2013 Nivel Inicial Se dictar\u00e1 desde el Mi\u00e9rcoles 29 de Agosto hasta el Mi\u00e9rcoles 7 de Noviembre Aula a fijar. Horario: todos los [&hellip;]<\/p>\n","protected":false},"author":2,"featured_media":7006,"comment_status":"open","ping_status":"open","sticky":false,"template":"","format":"standard","meta":{"_et_pb_use_builder":"","_et_pb_old_content":"","_et_gb_content_width":"","footnotes":""},"categories":[4],"tags":[],"_links":{"self":[{"href":"https:\/\/face.unt.edu.ar\/web\/wp-json\/wp\/v2\/posts\/7005"}],"collection":[{"href":"https:\/\/face.unt.edu.ar\/web\/wp-json\/wp\/v2\/posts"}],"about":[{"href":"https:\/\/face.unt.edu.ar\/web\/wp-json\/wp\/v2\/types\/post"}],"author":[{"embeddable":true,"href":"https:\/\/face.unt.edu.ar\/web\/wp-json\/wp\/v2\/users\/2"}],"replies":[{"embeddable":true,"href":"https:\/\/face.unt.edu.ar\/web\/wp-json\/wp\/v2\/comments?post=7005"}],"version-history":[{"count":1,"href":"https:\/\/face.unt.edu.ar\/web\/wp-json\/wp\/v2\/posts\/7005\/revisions"}],"predecessor-version":[{"id":7007,"href":"https:\/\/face.unt.edu.ar\/web\/wp-json\/wp\/v2\/posts\/7005\/revisions\/7007"}],"wp:featuredmedia":[{"embeddable":true,"href":"https:\/\/face.unt.edu.ar\/web\/wp-json\/wp\/v2\/media\/7006"}],"wp:attachment":[{"href":"https:\/\/face.unt.edu.ar\/web\/wp-json\/wp\/v2\/media?parent=7005"}],"wp:term":[{"taxonomy":"category","embeddable":true,"href":"https:\/\/face.unt.edu.ar\/web\/wp-json\/wp\/v2\/categories?post=7005"},{"taxonomy":"post_tag","embeddable":true,"href":"https:\/\/face.unt.edu.ar\/web\/wp-json\/wp\/v2\/tags?post=7005"}],"curies":[{"name":"wp","href":"https:\/\/api.w.org\/{rel}","templated":true}]}}