{"id":7013,"date":"2018-07-31T22:27:54","date_gmt":"2018-07-31T22:27:54","guid":{"rendered":"http:\/\/face.unt.edu.ar\/web\/?p=7013"},"modified":"2018-07-31T22:32:25","modified_gmt":"2018-07-31T22:32:25","slug":"i-simposio-internacional-de-educacion-ambiental-y-sustentabilidad","status":"publish","type":"post","link":"https:\/\/face.unt.edu.ar\/web\/blog\/i-simposio-internacional-de-educacion-ambiental-y-sustentabilidad\/","title":{"rendered":"I Simposio Internacional de Educaci\u00f3n Ambiental y Sustentabilidad"},"content":{"rendered":"<p>El Comit\u00e9 de Medio Ambiente de la Asociaci\u00f3n Universidades Grupo Montevideo y la Universidad de Santa Mar\u00eda (UFSM , Brasil) \u00a0tiene el placer de invitar a la comunidad acad\u00e9mica a su I Simposio Internacional de Educaci\u00f3n Ambiental y Sostenibilidad.<\/p>\n<p>Este simposio tiene como objetivo divulgar las acciones de educaci\u00f3n ambiental y sostenibilidad de la comunidad en diversos niveles, a trav\u00e9s de conferencias, mesas redondas, presentaciones orales de trabajos, posters y actividades culturales.<\/p>\n<p>Fecha: 08, 09 y 10 de octubre de 2018<\/p>\n<p>Lugar: Auditorio Fl\u00e1vio Miguel Schneider, edificio 42 (Centro de Ciencias Rurales de la Universidad Federal de Santa Mar\u00eda, Brasil).<\/p>\n<p>REGISTRO<\/p>\n<p>Las inscripciones ser\u00e1n recibidas a partir del d\u00eda 22\/07, a trav\u00e9s de la p\u00e1gina del Simposio &#8211; <a href=\"http:\/\/w3.ufsm.br\/educacaoambiental\/index.php\/i-simposio-internacional-de-educacao-ambiental-e-sustentabilidade\" target=\"_blank\" rel=\"noopener\">Hacer click aqu\u00ed para ingresar a la Web<\/a><\/p>\n<p>La inversi\u00f3n es de 50 reales para alumnos y 100 reales para profesionales.<\/p>\n<p>RECEPCI\u00d3N DE TRABAJOS<\/p>\n<p>Se aceptar\u00e1n trabajos para presentaciones orales o en forma de p\u00f3ster. El plazo para la presentaci\u00f3n ser\u00e1 de <strong>25\/07 a 10\/08.<\/strong> Las reglas ser\u00e1n divulgadas a trav\u00e9s de esta p\u00e1gina.<\/p>\n<p>HOSPEDAJE Y ALIMENTACI\u00d3N<\/p>\n<p>La organizaci\u00f3n del evento ofrece por medio de la asociaci\u00f3n con hoteles y restaurantes descuentos a los participantes del Simposio. Se publicar\u00e1 una lista de los sitios que apoyan al evento y los descuentos ofrecidos.<\/p>\n<p><strong><em>\u00a0<\/em><\/strong><strong><em>Referente del encuentro en la UNT, M. Sc. Ing. Agr. Marcela Colombo, <a href=\"mailto:mcolombo@webmail.unt.edu.ar\">mcolombo@webmail.unt.edu.ar<\/a><\/em><\/strong><\/p>\n","protected":false},"excerpt":{"rendered":"<p>El Comit\u00e9 de Medio Ambiente de la Asociaci\u00f3n Universidades Grupo Montevideo y la Universidad de Santa Mar\u00eda (UFSM , Brasil) \u00a0tiene el placer de invitar a la comunidad acad\u00e9mica a su I Simposio Internacional de Educaci\u00f3n Ambiental y Sostenibilidad. Este simposio tiene como objetivo divulgar las acciones de educaci\u00f3n ambiental y sostenibilidad de la comunidad [&hellip;]<\/p>\n","protected":false},"author":2,"featured_media":7016,"comment_status":"open","ping_status":"open","sticky":false,"template":"","format":"standard","meta":{"_et_pb_use_builder":"","_et_pb_old_content":"","_et_gb_content_width":"","footnotes":""},"categories":[4],"tags":[],"_links":{"self":[{"href":"https:\/\/face.unt.edu.ar\/web\/wp-json\/wp\/v2\/posts\/7013"}],"collection":[{"href":"https:\/\/face.unt.edu.ar\/web\/wp-json\/wp\/v2\/posts"}],"about":[{"href":"https:\/\/face.unt.edu.ar\/web\/wp-json\/wp\/v2\/types\/post"}],"author":[{"embeddable":true,"href":"https:\/\/face.unt.edu.ar\/web\/wp-json\/wp\/v2\/users\/2"}],"replies":[{"embeddable":true,"href":"https:\/\/face.unt.edu.ar\/web\/wp-json\/wp\/v2\/comments?post=7013"}],"version-history":[{"count":1,"href":"https:\/\/face.unt.edu.ar\/web\/wp-json\/wp\/v2\/posts\/7013\/revisions"}],"predecessor-version":[{"id":7015,"href":"https:\/\/face.unt.edu.ar\/web\/wp-json\/wp\/v2\/posts\/7013\/revisions\/7015"}],"wp:featuredmedia":[{"embeddable":true,"href":"https:\/\/face.unt.edu.ar\/web\/wp-json\/wp\/v2\/media\/7016"}],"wp:attachment":[{"href":"https:\/\/face.unt.edu.ar\/web\/wp-json\/wp\/v2\/media?parent=7013"}],"wp:term":[{"taxonomy":"category","embeddable":true,"href":"https:\/\/face.unt.edu.ar\/web\/wp-json\/wp\/v2\/categories?post=7013"},{"taxonomy":"post_tag","embeddable":true,"href":"https:\/\/face.unt.edu.ar\/web\/wp-json\/wp\/v2\/tags?post=7013"}],"curies":[{"name":"wp","href":"https:\/\/api.w.org\/{rel}","templated":true}]}}