{"id":7100,"date":"2018-08-13T14:33:21","date_gmt":"2018-08-13T14:33:21","guid":{"rendered":"http:\/\/face.unt.edu.ar\/web\/?p=7100"},"modified":"2018-08-13T14:45:50","modified_gmt":"2018-08-13T14:45:50","slug":"se-presentaron-los-estados-contables-de-la-coopce-y-un-informe-de-gestion-de-la-misma","status":"publish","type":"post","link":"https:\/\/face.unt.edu.ar\/web\/blog\/se-presentaron-los-estados-contables-de-la-coopce-y-un-informe-de-gestion-de-la-misma\/","title":{"rendered":"Se presentaron los Estados Contables de la COOPCE  y un Informe de Gesti\u00f3n de la misma"},"content":{"rendered":"<p>En el marco de la Asamblea General Ordinaria de la Asociaci\u00f3n Cooperadora de la Facultad de Ciencias Econ\u00f3micas, se presentaron, ante la comunidad de Socios, los documentos que informan sobre la actividad de la misma, correspondiente al ejercicio finalizado el 31\/03\/2017. Se puso en conocimiento: la Memoria, el Inventario, los Estados Contables, el Dictamen del Auditor\u00a0\u00a0y el Informe de la comisi\u00f3n Revisora de Cuentas, los cuales fueron aprobados por todos los presentes, en forma un\u00e1nime.<\/p>\n<p>Asimismo, se present\u00f3 un\u00a0<em>Informe de Gesti\u00f3n al 31 de Marzo del 2018<\/em>, con an\u00e1lisis comparativos respecto de los resultados a Marzo del 2017.<\/p>\n<p>Esta ocasi\u00f3n fue propicia adem\u00e1s, para destacar la importancia de la Cooperadora en el normal funcionamiento de la Facultad.<\/p>\n<p>El Decano de esta Casa de Estudios, Mg. Jos\u00e9 Luis A. Jim\u00e9nez, inici\u00f3 la reuni\u00f3n refiri\u00e9ndose justamente a este punto y expres\u00f3:\u00a0<em>\u201c\u00bfQu\u00e9 tan importante es para nosotros, la Cooperadora en la Facultad? Sin la Cooperadora, la Facultad no podr\u00eda funcionar\u201d,\u00a0<\/em>afirm\u00f3.\u00a0<em>\u201cLos fondos que llegan desde la Universidad, no son suficientes para el funcionamiento, no s\u00f3lo de nuestra Facultad, sino de todas las dem\u00e1s.<\/em><\/p>\n<p>\u201cCabe recordar que con lo recaudado por nuestra Cooperadora, se pueden llevar a cabo gastos y erogaciones b\u00e1sicas necesarias para el funcionamiento de nuestra comunidad: gastos de mantenimiento y reparaciones, adquisici\u00f3n de bienes de consumo, de limpieza, de papeler\u00eda, de electricidad, el servicio de vigilancia, y en especial, la ayuda a nuestros alumnos, a trav\u00e9s de las diversas modalidades de becas, entre otras ayudas. El valor de la solidaridad es el valor fundacional de nuestra Cooperadora, porque se sostiene con las contribuciones que realizamos docentes, alumnos, y personal de apoyo, y es muy importante defenderla y tomar conciencia del valor de la misma.\u00a0Fue creada con el fin de ayudar y colaborar con el funcionamiento de la Facultad de Ciencias Econ\u00f3micas y es eso lo que estamos haciendo\u201d, destac\u00f3.<\/p>\n<p>Al finalizar, el Decano agradeci\u00f3 la participaci\u00f3n de todos los presentes.<\/p>\n<p>Asimismo, se informa que entre las decisiones tomadas por la Asamblea de Socios, es importante tener en cuenta la determinaci\u00f3n de los nuevos valores que se detallan a continuaci\u00f3n:<\/p>\n<p>&#8211; Cuota de Socios mensual: $ 220<\/p>\n<p>&#8211; Uso de la Playa de Estacionamiento para los Socios: $ 250<\/p>\n<p>&#8211; Uso de la Playa de Estacionamiento para \u00a0quienes no son Socios: $ 650<\/p>\n<p>&#8211; Todo a partir del mes de Septiembre<\/p>\n<p><a href=\"http:\/\/face.unt.edu.ar\/web\/wp-content\/uploads\/2018\/08\/BDSC_0372.jpg\"><img decoding=\"async\" loading=\"lazy\" class=\" wp-image-7104 aligncenter\" src=\"http:\/\/face.unt.edu.ar\/web\/wp-content\/uploads\/2018\/08\/BDSC_0372-300x199.jpg\" alt=\"\" width=\"387\" height=\"257\" srcset=\"https:\/\/face.unt.edu.ar\/web\/wp-content\/uploads\/2018\/08\/BDSC_0372-300x199.jpg 300w, https:\/\/face.unt.edu.ar\/web\/wp-content\/uploads\/2018\/08\/BDSC_0372-768x509.jpg 768w, https:\/\/face.unt.edu.ar\/web\/wp-content\/uploads\/2018\/08\/BDSC_0372-696x461.jpg 696w, https:\/\/face.unt.edu.ar\/web\/wp-content\/uploads\/2018\/08\/BDSC_0372-634x420.jpg 634w, https:\/\/face.unt.edu.ar\/web\/wp-content\/uploads\/2018\/08\/BDSC_0372.jpg 928w\" sizes=\"(max-width: 387px) 100vw, 387px\" \/><\/a><\/p>\n<p><a href=\"http:\/\/face.unt.edu.ar\/web\/wp-content\/uploads\/2018\/08\/BDSC_0382.jpg\"><img decoding=\"async\" loading=\"lazy\" class=\"alignnone size-medium wp-image-7105\" src=\"http:\/\/face.unt.edu.ar\/web\/wp-content\/uploads\/2018\/08\/BDSC_0382-300x199.jpg\" alt=\"\" width=\"300\" height=\"199\" srcset=\"https:\/\/face.unt.edu.ar\/web\/wp-content\/uploads\/2018\/08\/BDSC_0382-300x199.jpg 300w, https:\/\/face.unt.edu.ar\/web\/wp-content\/uploads\/2018\/08\/BDSC_0382-768x509.jpg 768w, https:\/\/face.unt.edu.ar\/web\/wp-content\/uploads\/2018\/08\/BDSC_0382-696x461.jpg 696w, https:\/\/face.unt.edu.ar\/web\/wp-content\/uploads\/2018\/08\/BDSC_0382-634x420.jpg 634w, https:\/\/face.unt.edu.ar\/web\/wp-content\/uploads\/2018\/08\/BDSC_0382.jpg 928w\" sizes=\"(max-width: 300px) 100vw, 300px\" \/><\/a> <a href=\"http:\/\/face.unt.edu.ar\/web\/wp-content\/uploads\/2018\/08\/BDSC_0386.jpg\"><img decoding=\"async\" loading=\"lazy\" class=\"alignnone size-medium wp-image-7106\" src=\"http:\/\/face.unt.edu.ar\/web\/wp-content\/uploads\/2018\/08\/BDSC_0386-300x199.jpg\" alt=\"\" width=\"300\" height=\"199\" srcset=\"https:\/\/face.unt.edu.ar\/web\/wp-content\/uploads\/2018\/08\/BDSC_0386-300x199.jpg 300w, https:\/\/face.unt.edu.ar\/web\/wp-content\/uploads\/2018\/08\/BDSC_0386-768x509.jpg 768w, https:\/\/face.unt.edu.ar\/web\/wp-content\/uploads\/2018\/08\/BDSC_0386-696x461.jpg 696w, https:\/\/face.unt.edu.ar\/web\/wp-content\/uploads\/2018\/08\/BDSC_0386-634x420.jpg 634w, https:\/\/face.unt.edu.ar\/web\/wp-content\/uploads\/2018\/08\/BDSC_0386.jpg 928w\" sizes=\"(max-width: 300px) 100vw, 300px\" \/><\/a><\/p>\n<p>&nbsp;<\/p>\n<p>&nbsp;<\/p>\n","protected":false},"excerpt":{"rendered":"<p>En el marco de la Asamblea General Ordinaria de la Asociaci\u00f3n Cooperadora de la Facultad de Ciencias Econ\u00f3micas, se presentaron, ante la comunidad de Socios, los documentos que informan sobre la actividad de la misma, correspondiente al ejercicio finalizado el 31\/03\/2017. Se puso en conocimiento: la Memoria, el Inventario, los Estados Contables, el Dictamen del [&hellip;]<\/p>\n","protected":false},"author":2,"featured_media":7102,"comment_status":"open","ping_status":"open","sticky":false,"template":"","format":"standard","meta":{"_et_pb_use_builder":"","_et_pb_old_content":"","_et_gb_content_width":"","footnotes":""},"categories":[4],"tags":[],"_links":{"self":[{"href":"https:\/\/face.unt.edu.ar\/web\/wp-json\/wp\/v2\/posts\/7100"}],"collection":[{"href":"https:\/\/face.unt.edu.ar\/web\/wp-json\/wp\/v2\/posts"}],"about":[{"href":"https:\/\/face.unt.edu.ar\/web\/wp-json\/wp\/v2\/types\/post"}],"author":[{"embeddable":true,"href":"https:\/\/face.unt.edu.ar\/web\/wp-json\/wp\/v2\/users\/2"}],"replies":[{"embeddable":true,"href":"https:\/\/face.unt.edu.ar\/web\/wp-json\/wp\/v2\/comments?post=7100"}],"version-history":[{"count":3,"href":"https:\/\/face.unt.edu.ar\/web\/wp-json\/wp\/v2\/posts\/7100\/revisions"}],"predecessor-version":[{"id":7107,"href":"https:\/\/face.unt.edu.ar\/web\/wp-json\/wp\/v2\/posts\/7100\/revisions\/7107"}],"wp:featuredmedia":[{"embeddable":true,"href":"https:\/\/face.unt.edu.ar\/web\/wp-json\/wp\/v2\/media\/7102"}],"wp:attachment":[{"href":"https:\/\/face.unt.edu.ar\/web\/wp-json\/wp\/v2\/media?parent=7100"}],"wp:term":[{"taxonomy":"category","embeddable":true,"href":"https:\/\/face.unt.edu.ar\/web\/wp-json\/wp\/v2\/categories?post=7100"},{"taxonomy":"post_tag","embeddable":true,"href":"https:\/\/face.unt.edu.ar\/web\/wp-json\/wp\/v2\/tags?post=7100"}],"curies":[{"name":"wp","href":"https:\/\/api.w.org\/{rel}","templated":true}]}}