{"id":7114,"date":"2018-08-13T17:44:30","date_gmt":"2018-08-13T17:44:30","guid":{"rendered":"http:\/\/face.unt.edu.ar\/web\/?p=7114"},"modified":"2018-08-13T17:44:30","modified_gmt":"2018-08-13T17:44:30","slug":"manana-la-facultad-estara-abierta","status":"publish","type":"post","link":"https:\/\/face.unt.edu.ar\/web\/blog\/manana-la-facultad-estara-abierta\/","title":{"rendered":"Ma\u00f1ana la Facultad estar\u00e1 abierta"},"content":{"rendered":"<p>El Decano de la Facultad de Ciencias Econ\u00f3micas informa a toda la comunidad que si bien ma\u00f1ana se llevar\u00e1 a cabo el cese de actividades planteado para toda la jornada, debido a la situaci\u00f3n que est\u00e1n atravesando las Universidades Nacionales, se garantiza a aquellas personas que quieran concurrir a su lugar de trabajo o \u00e1mbitos acad\u00e9micos, que <b>la Facultad permanecer\u00e1 abierta<\/b>, como as\u00ed mismo, se respetar\u00e1 a quienes decidan acompa\u00f1ar la medida propuesta por la comunidad docente.<\/p>\n","protected":false},"excerpt":{"rendered":"<p>El Decano de la Facultad de Ciencias Econ\u00f3micas informa a toda la comunidad que si bien ma\u00f1ana se llevar\u00e1 a cabo el cese de actividades planteado para toda la jornada, debido a la situaci\u00f3n que est\u00e1n atravesando las Universidades Nacionales, se garantiza a aquellas personas que quieran concurrir a su lugar de trabajo o \u00e1mbitos [&hellip;]<\/p>\n","protected":false},"author":2,"featured_media":6954,"comment_status":"open","ping_status":"open","sticky":false,"template":"","format":"standard","meta":{"_et_pb_use_builder":"","_et_pb_old_content":"","_et_gb_content_width":"","footnotes":""},"categories":[4],"tags":[],"_links":{"self":[{"href":"https:\/\/face.unt.edu.ar\/web\/wp-json\/wp\/v2\/posts\/7114"}],"collection":[{"href":"https:\/\/face.unt.edu.ar\/web\/wp-json\/wp\/v2\/posts"}],"about":[{"href":"https:\/\/face.unt.edu.ar\/web\/wp-json\/wp\/v2\/types\/post"}],"author":[{"embeddable":true,"href":"https:\/\/face.unt.edu.ar\/web\/wp-json\/wp\/v2\/users\/2"}],"replies":[{"embeddable":true,"href":"https:\/\/face.unt.edu.ar\/web\/wp-json\/wp\/v2\/comments?post=7114"}],"version-history":[{"count":1,"href":"https:\/\/face.unt.edu.ar\/web\/wp-json\/wp\/v2\/posts\/7114\/revisions"}],"predecessor-version":[{"id":7115,"href":"https:\/\/face.unt.edu.ar\/web\/wp-json\/wp\/v2\/posts\/7114\/revisions\/7115"}],"wp:featuredmedia":[{"embeddable":true,"href":"https:\/\/face.unt.edu.ar\/web\/wp-json\/wp\/v2\/media\/6954"}],"wp:attachment":[{"href":"https:\/\/face.unt.edu.ar\/web\/wp-json\/wp\/v2\/media?parent=7114"}],"wp:term":[{"taxonomy":"category","embeddable":true,"href":"https:\/\/face.unt.edu.ar\/web\/wp-json\/wp\/v2\/categories?post=7114"},{"taxonomy":"post_tag","embeddable":true,"href":"https:\/\/face.unt.edu.ar\/web\/wp-json\/wp\/v2\/tags?post=7114"}],"curies":[{"name":"wp","href":"https:\/\/api.w.org\/{rel}","templated":true}]}}