{"id":7192,"date":"2018-08-27T13:41:09","date_gmt":"2018-08-27T13:41:09","guid":{"rendered":"http:\/\/face.unt.edu.ar\/web\/?p=7192"},"modified":"2018-09-03T16:13:55","modified_gmt":"2018-09-03T16:13:55","slug":"curso-de-extension-herramientas-de-gestion-y-colaboracion-en-la-nube-2","status":"publish","type":"post","link":"https:\/\/face.unt.edu.ar\/web\/blog\/curso-de-extension-herramientas-de-gestion-y-colaboracion-en-la-nube-2\/","title":{"rendered":"Curso de extensi\u00f3n: \u00abHerramientas de gesti\u00f3n y colaboraci\u00f3n en la nube\u00bb"},"content":{"rendered":"<p>El\u00a0Curso\u00a0de\u00a0Extensi\u00f3n\u00a0<strong>\u201cHerramientas de Gesti\u00f3n\u00a0y Colaboraci\u00f3n\u00a0en la Nube\u201d<\/strong> se dictar\u00e1 en nuestra Facultad, a partir del 10 de Setiembre. Estar\u00e1 a cargo de los docentes\u00a0<strong>Lic. Mar\u00eda Fernanda Rodr\u00edguez y CPN Marcelo La Marca,<\/strong>\u00a0de\u00a0la C\u00e1tedra Sistema de Informaci\u00f3n I\u00a0de\u00a0esta Casa de Estudios.<!--more--><\/p>\n<p>Se desarrollar\u00e1 en seis\u00a0encuentros los d\u00edas<strong>\u00a010, 12, 17, 19, 24 y 26 de Setiembre, <\/strong>en el horario<strong> \u00a0de\u00a018:00 a 21:00 horas, en Laboratorio de Computaci\u00f3n.<\/strong><\/p>\n<p>Las inscripciones se realizan on-line:<a href=\"https:\/\/docs.google.com\/forms\/d\/1HOo8RmGsZPJSdq_VaQMniNnWyNoH-O9NhkbMNqQ3X5U\/edit\">\u00a0http:\/\/bit.ly\/herramientas-nube-2018<\/a><\/p>\n<p>La evoluci\u00f3n de la tecnolog\u00eda web en el \u00e1mbito del almacenamiento remoto ha dado paso a nuevas aplicaciones de gesti\u00f3n colaborativa, que empleadas en cualquier tipo de entornos laborales, proponen interesantes formas de interacci\u00f3n y ha propuesto un cambio de modelo para much\u00edsimas empresas de diversos sectores, permiti\u00e9ndoles agilizar los procesos, reducir los costes y mejorar los resultados.<\/p>\n<p>En la era digital constantemente se incorporan\u00a0a la web, una serie de servicios y recursos que contribuyeron a un interesante cambio en la forma de vincularnos con la informaci\u00f3n, el conocimiento, y nuestros pares, sobre todo cuando se trata de hacerlo a distancia.<\/p>\n<p>El\u00a0curso\u00a0est\u00e1 destinado a estudiantes de la Facultad de Ciencias Econ\u00f3micas, emprendedores y empresarios. El costo del mismo es\u00a0de\u00a0$2000. Hasta el mi\u00e9rcoles 5 de Septiembre, abonar\u00e1n con descuento por pago anticipado, la suma\u00a0de\u00a0$1800.<\/p>\n<p>Por informes y por pago del arancel, los interesados pueden dirigirse a la Asociaci\u00f3n Cooperadora\u00a0de\u00a0la Facultad,\u00a0de\u00a0lunes a viernes\u00a0de\u00a08 a 12 horas y\u00a0de\u00a016 a 19:30 horas. Tambi\u00e9n pueden llamar al tel\u00e9fono 4107557 o enviar un correo electr\u00f3nico a\u00a0<a href=\"mailto:insadmi@face.unt.edu.ar\">insadmi@face.unt.edu.ar<\/a><\/p>\n<p><a href=\"http:\/\/face.unt.edu.ar\/web\/iadmin\/wp-content\/uploads\/sites\/2\/2018\/08\/Nube.jpg\" target=\"_blank\" rel=\"noopener\">Ver Afiche<\/a><\/p>\n<p><a href=\"http:\/\/face.unt.edu.ar\/web\/iadmin\/curso-de-extension-herramientas-de-gestion-y-colaboracion-en-la-nube\/\" target=\"_blank\" rel=\"noopener\">Por m\u00e1s detalles relacionados al pago del arancel click aqu\u00ed.<\/a><\/p>\n<p><strong>Contenidos<\/strong><\/p>\n<ol>\n<li>Introducci\u00f3n a Internet<\/li>\n<li>Cloud Computing<\/li>\n<li>Sistemas Colaborativo. Teletrabajo.<\/li>\n<li>Repositorio de Archivos y Documentos<\/li>\n<li>Dropbox<\/li>\n<li>Soluciones de google: Gmail \u2013 Google Drive<\/li>\n<li>Google Docs: Documentos de texto en la nube<\/li>\n<li>Google Sheets: Planilla de c\u00e1lculo en la nube<\/li>\n<li>Google Forms: Formularios y encuestas en la nube<\/li>\n<li>Otras herramientas de google: Google Slides (Presentaciones de Google) y Google Calendar (Calendario de Google).<\/li>\n<li>Herramientas de gesti\u00f3n colaborativa para la administraci\u00f3n de proyectos y de tareas en la nube.<\/li>\n<li>Redes sociales en el \u00e1mbito organizacional colaborativo.<\/li>\n<\/ol>\n","protected":false},"excerpt":{"rendered":"<p>El\u00a0Curso\u00a0de\u00a0Extensi\u00f3n\u00a0\u201cHerramientas de Gesti\u00f3n\u00a0y Colaboraci\u00f3n\u00a0en la Nube\u201d se dictar\u00e1 en nuestra Facultad, a partir del 10 de Setiembre. Estar\u00e1 a cargo de los docentes\u00a0Lic. Mar\u00eda Fernanda Rodr\u00edguez y CPN Marcelo La Marca,\u00a0de\u00a0la C\u00e1tedra Sistema de Informaci\u00f3n I\u00a0de\u00a0esta Casa de Estudios.<\/p>\n","protected":false},"author":2,"featured_media":7193,"comment_status":"open","ping_status":"open","sticky":false,"template":"","format":"standard","meta":{"_et_pb_use_builder":"","_et_pb_old_content":"","_et_gb_content_width":"","footnotes":""},"categories":[4],"tags":[],"_links":{"self":[{"href":"https:\/\/face.unt.edu.ar\/web\/wp-json\/wp\/v2\/posts\/7192"}],"collection":[{"href":"https:\/\/face.unt.edu.ar\/web\/wp-json\/wp\/v2\/posts"}],"about":[{"href":"https:\/\/face.unt.edu.ar\/web\/wp-json\/wp\/v2\/types\/post"}],"author":[{"embeddable":true,"href":"https:\/\/face.unt.edu.ar\/web\/wp-json\/wp\/v2\/users\/2"}],"replies":[{"embeddable":true,"href":"https:\/\/face.unt.edu.ar\/web\/wp-json\/wp\/v2\/comments?post=7192"}],"version-history":[{"count":5,"href":"https:\/\/face.unt.edu.ar\/web\/wp-json\/wp\/v2\/posts\/7192\/revisions"}],"predecessor-version":[{"id":7226,"href":"https:\/\/face.unt.edu.ar\/web\/wp-json\/wp\/v2\/posts\/7192\/revisions\/7226"}],"wp:featuredmedia":[{"embeddable":true,"href":"https:\/\/face.unt.edu.ar\/web\/wp-json\/wp\/v2\/media\/7193"}],"wp:attachment":[{"href":"https:\/\/face.unt.edu.ar\/web\/wp-json\/wp\/v2\/media?parent=7192"}],"wp:term":[{"taxonomy":"category","embeddable":true,"href":"https:\/\/face.unt.edu.ar\/web\/wp-json\/wp\/v2\/categories?post=7192"},{"taxonomy":"post_tag","embeddable":true,"href":"https:\/\/face.unt.edu.ar\/web\/wp-json\/wp\/v2\/tags?post=7192"}],"curies":[{"name":"wp","href":"https:\/\/api.w.org\/{rel}","templated":true}]}}