{"id":7266,"date":"2018-09-12T15:26:27","date_gmt":"2018-09-12T15:26:27","guid":{"rendered":"http:\/\/face.unt.edu.ar\/web\/?p=7266"},"modified":"2018-09-12T15:27:35","modified_gmt":"2018-09-12T15:27:35","slug":"charla-debate-deficit-dolar-y-fmi-las-claves-para-pensar-los-desafios-de-argentina-dos-visiones","status":"publish","type":"post","link":"https:\/\/face.unt.edu.ar\/web\/blog\/charla-debate-deficit-dolar-y-fmi-las-claves-para-pensar-los-desafios-de-argentina-dos-visiones\/","title":{"rendered":"Charla Debate: \u00abD\u00e9ficit, D\u00f3lar y FMI\u00bb Las claves para pensar los desaf\u00edos de Argentina. Dos visiones."},"content":{"rendered":"<p>El jueves 13 de Septiembre a las 18.30 horas, en el aula Magna de nuestra facultad se llevar\u00e1 a cabo la\u00a0<b>Charla Debate: \u00abD\u00e9ficit, D\u00f3lar y FMI\u00bb, Las claves para pensar los desaf\u00edos de Argentina. Dos visiones.<\/b><\/p>\n<p>El encuentro tendr\u00e1 lugar en el aula Magna de la Facultad y disertar\u00e1n los docentes de nuestra Casa, <strong>Lic. Sebastian Mena<\/strong> y <strong>Lic. Pablo Pero<\/strong><\/p>\n<p>Cabe aclarar que la entrada es libre y gratuita.<\/p>\n<p><a href=\"http:\/\/face.unt.edu.ar\/web\/wp-content\/uploads\/2018\/09\/41129140_2404882616196030_7371374407878443008_n.jpg\"><img decoding=\"async\" loading=\"lazy\" class=\"alignnone size-full wp-image-7270\" src=\"http:\/\/face.unt.edu.ar\/web\/wp-content\/uploads\/2018\/09\/41129140_2404882616196030_7371374407878443008_n.jpg\" alt=\"\" width=\"678\" height=\"960\" srcset=\"https:\/\/face.unt.edu.ar\/web\/wp-content\/uploads\/2018\/09\/41129140_2404882616196030_7371374407878443008_n.jpg 678w, https:\/\/face.unt.edu.ar\/web\/wp-content\/uploads\/2018\/09\/41129140_2404882616196030_7371374407878443008_n-212x300.jpg 212w, https:\/\/face.unt.edu.ar\/web\/wp-content\/uploads\/2018\/09\/41129140_2404882616196030_7371374407878443008_n-297x420.jpg 297w, https:\/\/face.unt.edu.ar\/web\/wp-content\/uploads\/2018\/09\/41129140_2404882616196030_7371374407878443008_n-593x840.jpg 593w\" sizes=\"(max-width: 678px) 100vw, 678px\" \/><\/a><\/p>\n","protected":false},"excerpt":{"rendered":"<p>El jueves 13 de Septiembre a las 18.30 horas, en el aula Magna de nuestra facultad se llevar\u00e1 a cabo la\u00a0Charla Debate: \u00abD\u00e9ficit, D\u00f3lar y FMI\u00bb, Las claves para pensar los desaf\u00edos de Argentina. Dos visiones. El encuentro tendr\u00e1 lugar en el aula Magna de la Facultad y disertar\u00e1n los docentes de nuestra Casa, Lic. [&hellip;]<\/p>\n","protected":false},"author":3,"featured_media":7267,"comment_status":"open","ping_status":"open","sticky":false,"template":"","format":"standard","meta":{"_et_pb_use_builder":"","_et_pb_old_content":"","_et_gb_content_width":"","footnotes":""},"categories":[4],"tags":[],"_links":{"self":[{"href":"https:\/\/face.unt.edu.ar\/web\/wp-json\/wp\/v2\/posts\/7266"}],"collection":[{"href":"https:\/\/face.unt.edu.ar\/web\/wp-json\/wp\/v2\/posts"}],"about":[{"href":"https:\/\/face.unt.edu.ar\/web\/wp-json\/wp\/v2\/types\/post"}],"author":[{"embeddable":true,"href":"https:\/\/face.unt.edu.ar\/web\/wp-json\/wp\/v2\/users\/3"}],"replies":[{"embeddable":true,"href":"https:\/\/face.unt.edu.ar\/web\/wp-json\/wp\/v2\/comments?post=7266"}],"version-history":[{"count":3,"href":"https:\/\/face.unt.edu.ar\/web\/wp-json\/wp\/v2\/posts\/7266\/revisions"}],"predecessor-version":[{"id":7269,"href":"https:\/\/face.unt.edu.ar\/web\/wp-json\/wp\/v2\/posts\/7266\/revisions\/7269"}],"wp:featuredmedia":[{"embeddable":true,"href":"https:\/\/face.unt.edu.ar\/web\/wp-json\/wp\/v2\/media\/7267"}],"wp:attachment":[{"href":"https:\/\/face.unt.edu.ar\/web\/wp-json\/wp\/v2\/media?parent=7266"}],"wp:term":[{"taxonomy":"category","embeddable":true,"href":"https:\/\/face.unt.edu.ar\/web\/wp-json\/wp\/v2\/categories?post=7266"},{"taxonomy":"post_tag","embeddable":true,"href":"https:\/\/face.unt.edu.ar\/web\/wp-json\/wp\/v2\/tags?post=7266"}],"curies":[{"name":"wp","href":"https:\/\/api.w.org\/{rel}","templated":true}]}}