{"id":7355,"date":"2018-10-04T15:50:20","date_gmt":"2018-10-04T15:50:20","guid":{"rendered":"http:\/\/face.unt.edu.ar\/web\/?p=7355"},"modified":"2018-10-04T15:50:20","modified_gmt":"2018-10-04T15:50:20","slug":"charla-la-prevencion-de-riesgos-laborales-fundamentos-legales-y-tecnicos","status":"publish","type":"post","link":"https:\/\/face.unt.edu.ar\/web\/blog\/charla-la-prevencion-de-riesgos-laborales-fundamentos-legales-y-tecnicos\/","title":{"rendered":"Charla: La prevenci\u00f3n de riesgos laborales. Fundamentos legales y t\u00e9cnicos"},"content":{"rendered":"<p>El d\u00eda 5 de Octubre, en aula 5 de la Facultad de Ciencias Econ\u00f3micas, se ofrecer\u00e1 la charla \u201c<strong>La prevenci\u00f3n de riesgos laborales.\u00a0\u00a0<\/strong><b>Fundamentos legales y t\u00e9cnicos\u201d. <\/b>Estar\u00e1 a cargo de H\u00e9ctor\u00a0Medina, T\u00e9cnico\u00a0en Higiene y Seguridad,\u00a0 Asesor en empresas\u00a0 del medio y Auditor interno. ISO 14000 e IRAM 3800.<\/p>\n<p><strong>Charla: libre y gratuita<\/strong><\/p>\n<p><strong><u>Organiza<\/u><\/strong><strong>:\u00a0<\/strong><strong><u>C\u00e1tedra<\/u><\/strong><strong>: Administraci\u00f3n de la Producci\u00f3n II\/Operaciones II<\/strong><\/p>\n<p><strong>Contenidos<\/strong><\/p>\n<p>Ley de riesgos del trabajo, modificaciones. Conceptos de higiene y seguridad en el trabajo. Normas para la industria, agro y construcci\u00f3n. Obligaciones de las empresas y los trabajadores.<\/p>\n<p>Riesgos de las empresas al no cumplir las normativas. Juicios por accidentes y enfermedades profesionales<\/p>\n<p>&nbsp;<\/p>\n<p><a href=\"http:\/\/face.unt.edu.ar\/web\/wp-content\/uploads\/2018\/10\/FOLLETO-CHARLA-DE-HIGIENE-Y-SEGURIDAD-1.pdf\" target=\"_blank\" rel=\"noopener\">Ver afiche &#8211; CHARLA DE HIGIENE Y SEGURIDAD<\/a><\/p>\n","protected":false},"excerpt":{"rendered":"<p>El d\u00eda 5 de Octubre, en aula 5 de la Facultad de Ciencias Econ\u00f3micas, se ofrecer\u00e1 la charla \u201cLa prevenci\u00f3n de riesgos laborales.\u00a0\u00a0Fundamentos legales y t\u00e9cnicos\u201d. Estar\u00e1 a cargo de H\u00e9ctor\u00a0Medina, T\u00e9cnico\u00a0en Higiene y Seguridad,\u00a0 Asesor en empresas\u00a0 del medio y Auditor interno. ISO 14000 e IRAM 3800. Charla: libre y gratuita Organiza:\u00a0C\u00e1tedra: Administraci\u00f3n de [&hellip;]<\/p>\n","protected":false},"author":2,"featured_media":7356,"comment_status":"open","ping_status":"open","sticky":false,"template":"","format":"standard","meta":{"_et_pb_use_builder":"","_et_pb_old_content":"","_et_gb_content_width":"","footnotes":""},"categories":[4],"tags":[],"_links":{"self":[{"href":"https:\/\/face.unt.edu.ar\/web\/wp-json\/wp\/v2\/posts\/7355"}],"collection":[{"href":"https:\/\/face.unt.edu.ar\/web\/wp-json\/wp\/v2\/posts"}],"about":[{"href":"https:\/\/face.unt.edu.ar\/web\/wp-json\/wp\/v2\/types\/post"}],"author":[{"embeddable":true,"href":"https:\/\/face.unt.edu.ar\/web\/wp-json\/wp\/v2\/users\/2"}],"replies":[{"embeddable":true,"href":"https:\/\/face.unt.edu.ar\/web\/wp-json\/wp\/v2\/comments?post=7355"}],"version-history":[{"count":1,"href":"https:\/\/face.unt.edu.ar\/web\/wp-json\/wp\/v2\/posts\/7355\/revisions"}],"predecessor-version":[{"id":7358,"href":"https:\/\/face.unt.edu.ar\/web\/wp-json\/wp\/v2\/posts\/7355\/revisions\/7358"}],"wp:featuredmedia":[{"embeddable":true,"href":"https:\/\/face.unt.edu.ar\/web\/wp-json\/wp\/v2\/media\/7356"}],"wp:attachment":[{"href":"https:\/\/face.unt.edu.ar\/web\/wp-json\/wp\/v2\/media?parent=7355"}],"wp:term":[{"taxonomy":"category","embeddable":true,"href":"https:\/\/face.unt.edu.ar\/web\/wp-json\/wp\/v2\/categories?post=7355"},{"taxonomy":"post_tag","embeddable":true,"href":"https:\/\/face.unt.edu.ar\/web\/wp-json\/wp\/v2\/tags?post=7355"}],"curies":[{"name":"wp","href":"https:\/\/api.w.org\/{rel}","templated":true}]}}