{"id":7368,"date":"2018-10-10T03:02:00","date_gmt":"2018-10-10T03:02:00","guid":{"rendered":"http:\/\/face.unt.edu.ar\/web\/?p=7368"},"modified":"2018-10-10T03:02:00","modified_gmt":"2018-10-10T03:02:00","slug":"prat-gay-cambiemos-puede-arrebatarle-la-gobernacion-al-pj","status":"publish","type":"post","link":"https:\/\/face.unt.edu.ar\/web\/blog\/prat-gay-cambiemos-puede-arrebatarle-la-gobernacion-al-pj\/","title":{"rendered":"Prat Gay: \u201cCambiemos puede arrebatarle la gobernaci\u00f3n al PJ\u201d"},"content":{"rendered":"<div class=\"col-lg-12 col-md-12 col-sm-12\">\n<h6>\u00abNo estoy en Tucum\u00e1n por una candidatura\u00bb, dijo el economista en una entrevista con el diario local, en ocasi\u00f3n de visitar nuestra Facultad, para dictar una clase en el Posgrado Especializaci\u00f3n en Finanzas.<\/h6>\n<p>Es viernes. Un calor agobiante en el claustro de cemento de la Quinta Agron\u00f3mica. Por all\u00ed pase\u00f3 entrada la tarde <strong>Alfonso Prat-Gay<\/strong>. Se dirige al decanato. Si bien en la Facultad de Ciencias Econ\u00f3micas de la UNT se sab\u00eda que el ex ministro de Hacienda y Finanzas ir\u00eda a dictar clases en la Especializaci\u00f3n de Finanzas, los alumnos no dejan de sorprenderse por su presencia. No es el Prat-Gay de los d\u00edas duros de ministro ni de presidente del Banco Central. Es el de la informalidad de un \u201cCasual Friday\u201d, de un rostro que denota cansancio. Sin embargo, esboza sonrisas cuando colegas, docentes y estudiantes se les acercan para saludarle. Prat- Gay se par\u00f3 frente a los alumnos del posgrado y expuso durante cerca de casi cinco horas sobre banca y seguros. En la clase habl\u00f3 del rumbo econ\u00f3mico y sus implicancias; en la entrevista con LA GACETA pidi\u00f3 no hacerlo. Sus comentarios son seguidos atentamente por el mercado; se trata de un hombre que ha estado en cargos estrat\u00e9gicos en la Argentina y en otros pa\u00edses. En tiempos de flotaci\u00f3n cambiaria y de nuevos acuerdos con el Fondo Monetario Internacional (FMI), el referente de Cambiemos prefiri\u00f3 hablar de otras cuestiones que tambi\u00e9n marcan su ritmo de vida como la situaci\u00f3n pol\u00edtica nacional (todav\u00eda no est\u00e1 desechada su vuelta al gabinete del presidente <strong>Mauricio Macri<\/strong> como canciller) y tucumana (en la que, seg\u00fan confiesa, no ha tomado a\u00fan la decisi\u00f3n de presentarse como candidato a gobernador en las elecciones del a\u00f1o que viene, que est\u00e1 en construcci\u00f3n, como su sitio oficial en la web).<\/p>\n<p><a href=\"https:\/\/www.lagaceta.com.ar\/nota\/785182\/politica\/prat-gay-cambiemos-puede-arrebatarle-gobernacion-al-pj.html\" target=\"_blank\" rel=\"noopener\">Leer entrevista completa &#8211; Click aqu\u00ed<\/a><\/p>\n<\/div>\n<div id=\"parent_1\" class=\"col-lg-8 col-md-12 col-sm-12\">\n<h2><\/h2>\n<\/div>\n","protected":false},"excerpt":{"rendered":"<p>\u00abNo estoy en Tucum\u00e1n por una candidatura\u00bb, dijo el economista en una entrevista con el diario local, en ocasi\u00f3n de visitar nuestra Facultad, para dictar una clase en el Posgrado Especializaci\u00f3n en Finanzas. Es viernes. Un calor agobiante en el claustro de cemento de la Quinta Agron\u00f3mica. Por all\u00ed pase\u00f3 entrada la tarde Alfonso Prat-Gay. [&hellip;]<\/p>\n","protected":false},"author":2,"featured_media":7369,"comment_status":"open","ping_status":"open","sticky":false,"template":"","format":"standard","meta":{"_et_pb_use_builder":"","_et_pb_old_content":"","_et_gb_content_width":"","footnotes":""},"categories":[11],"tags":[],"_links":{"self":[{"href":"https:\/\/face.unt.edu.ar\/web\/wp-json\/wp\/v2\/posts\/7368"}],"collection":[{"href":"https:\/\/face.unt.edu.ar\/web\/wp-json\/wp\/v2\/posts"}],"about":[{"href":"https:\/\/face.unt.edu.ar\/web\/wp-json\/wp\/v2\/types\/post"}],"author":[{"embeddable":true,"href":"https:\/\/face.unt.edu.ar\/web\/wp-json\/wp\/v2\/users\/2"}],"replies":[{"embeddable":true,"href":"https:\/\/face.unt.edu.ar\/web\/wp-json\/wp\/v2\/comments?post=7368"}],"version-history":[{"count":1,"href":"https:\/\/face.unt.edu.ar\/web\/wp-json\/wp\/v2\/posts\/7368\/revisions"}],"predecessor-version":[{"id":7370,"href":"https:\/\/face.unt.edu.ar\/web\/wp-json\/wp\/v2\/posts\/7368\/revisions\/7370"}],"wp:featuredmedia":[{"embeddable":true,"href":"https:\/\/face.unt.edu.ar\/web\/wp-json\/wp\/v2\/media\/7369"}],"wp:attachment":[{"href":"https:\/\/face.unt.edu.ar\/web\/wp-json\/wp\/v2\/media?parent=7368"}],"wp:term":[{"taxonomy":"category","embeddable":true,"href":"https:\/\/face.unt.edu.ar\/web\/wp-json\/wp\/v2\/categories?post=7368"},{"taxonomy":"post_tag","embeddable":true,"href":"https:\/\/face.unt.edu.ar\/web\/wp-json\/wp\/v2\/tags?post=7368"}],"curies":[{"name":"wp","href":"https:\/\/api.w.org\/{rel}","templated":true}]}}