{"id":7377,"date":"2018-10-10T03:15:27","date_gmt":"2018-10-10T03:15:27","guid":{"rendered":"http:\/\/face.unt.edu.ar\/web\/?p=7377"},"modified":"2018-10-10T03:15:27","modified_gmt":"2018-10-10T03:15:27","slug":"viii-jornada-de-convivencia-de-la-licenciatura-en-administracion","status":"publish","type":"post","link":"https:\/\/face.unt.edu.ar\/web\/blog\/viii-jornada-de-convivencia-de-la-licenciatura-en-administracion\/","title":{"rendered":"VIII Jornada de Convivencia de la Licenciatura en Administraci\u00f3n"},"content":{"rendered":"<p>Se realiza la\u00a0<b>VIII Jornada de Convivencia\u00a0de la Licenciatura en Administraci\u00f3n. <\/b>Ser\u00e1<b>\u00a0 <\/b>el\u00a0<b>s\u00e1bado 27 de Octubre, en nuestra Facultad,\u00a0en el horario de 9 a 17 horas.\u00a0<\/b><\/p>\n<p>Se trata de una nueva edici\u00f3n de\u00a0la tradicional jornada donde comparten\u00a0alumnos y\u00a0docentes.\u00a0Se realizaran charlas, almuerzo y juegos, ya que el objetivo primordial del programa es promover y estimular en nuestros alumnos, habilidades de las llamadas blandas.<\/p>\n<p>El costo de la Jornada ser\u00e1 de\u00a0<b>$350,00<\/b>\u00a0para docentes y\u00a0<b>\u00a0$300,00\u00a0<\/b>para alumnos (incluye almuerzo y coffees).\u00a0El\u00a0<b>plazo para inscribirse es hasta el d\u00eda mi\u00e9rcoles 24\/10<\/b>\u00a0por razones de log\u00edstica.<\/p>\n<p><strong>Link de\u00a0Inscripci\u00f3n<\/strong>:<a id=\"LPlnk863573\" class=\"x_OWAAutoLink\" href=\"http:\/\/bit.ly\/jornada-convivencia-2018\" target=\"_blank\" rel=\"noopener noreferrer\">\u00a0http:\/\/bit.ly\/jornada-convivencia-2018<\/a><\/p>\n<p><a href=\"http:\/\/face.unt.edu.ar\/web\/wp-content\/uploads\/2018\/10\/afiche-4.jpg\"><img decoding=\"async\" loading=\"lazy\" class=\" wp-image-7378 aligncenter\" src=\"http:\/\/face.unt.edu.ar\/web\/wp-content\/uploads\/2018\/10\/afiche-4-212x300.jpg\" alt=\"\" width=\"430\" height=\"608\" srcset=\"https:\/\/face.unt.edu.ar\/web\/wp-content\/uploads\/2018\/10\/afiche-4-212x300.jpg 212w, https:\/\/face.unt.edu.ar\/web\/wp-content\/uploads\/2018\/10\/afiche-4-768x1086.jpg 768w, https:\/\/face.unt.edu.ar\/web\/wp-content\/uploads\/2018\/10\/afiche-4-724x1024.jpg 724w, https:\/\/face.unt.edu.ar\/web\/wp-content\/uploads\/2018\/10\/afiche-4-696x984.jpg 696w, https:\/\/face.unt.edu.ar\/web\/wp-content\/uploads\/2018\/10\/afiche-4-1392x1968.jpg 1392w, https:\/\/face.unt.edu.ar\/web\/wp-content\/uploads\/2018\/10\/afiche-4-1068x1510.jpg 1068w, https:\/\/face.unt.edu.ar\/web\/wp-content\/uploads\/2018\/10\/afiche-4-297x420.jpg 297w, https:\/\/face.unt.edu.ar\/web\/wp-content\/uploads\/2018\/10\/afiche-4-594x840.jpg 594w, https:\/\/face.unt.edu.ar\/web\/wp-content\/uploads\/2018\/10\/afiche-4.jpg 1754w\" sizes=\"(max-width: 430px) 100vw, 430px\" \/><\/a><\/p>\n<p>Puede realizar el pago del arancel en efectivo en la Asociaci\u00f3n Cooperadora de la Facultad de Ciencias Econ\u00f3micas de la UNT de lunes a viernes de 8 a 12 hs y de 16 a 19:30 hs. o mediante dep\u00f3sito o transferencia seg\u00fan la siguiente informaci\u00f3n:<\/p>\n<p>Asociaci\u00f3n Cooperadora de la Facultad de CS. Econ\u00f3micas de la UNT. Av. Independencia 1900.<br \/>\nCUIT: 30-68572268-9<\/p>\n<p>Opci\u00f3n BANCO MACRO.\u00a0Cuenta Corriente: N\u00b0 3-140-0000219703-6.\u00a0CBU: 2850140230000021970365<\/p>\n<p>Opci\u00f3n BANCO GALICIA.\u00a0Cuenta Corriente: N\u00b0 10527-9089-1.\u00a0CBU: 0070089420000010527913<\/p>\n<p>Si realiza dep\u00f3sito o transferencia, por favor enviar notificaci\u00f3n a cscro@face.unt.edu.ar con copia de comprobante, para registrar su inscripci\u00f3n formal, verificar transacci\u00f3n y preparar recibo correspondiente que se incorporar\u00e1 en el material que se le entregar\u00e1 antes del comienzo del curso.<\/p>\n","protected":false},"excerpt":{"rendered":"<p>Se realiza la\u00a0VIII Jornada de Convivencia\u00a0de la Licenciatura en Administraci\u00f3n. Ser\u00e1\u00a0 el\u00a0s\u00e1bado 27 de Octubre, en nuestra Facultad,\u00a0en el horario de 9 a 17 horas.\u00a0 Se trata de una nueva edici\u00f3n de\u00a0la tradicional jornada donde comparten\u00a0alumnos y\u00a0docentes.\u00a0Se realizaran charlas, almuerzo y juegos, ya que el objetivo primordial del programa es promover y estimular en nuestros [&hellip;]<\/p>\n","protected":false},"author":2,"featured_media":7379,"comment_status":"open","ping_status":"open","sticky":false,"template":"","format":"standard","meta":{"_et_pb_use_builder":"","_et_pb_old_content":"","_et_gb_content_width":"","footnotes":""},"categories":[4],"tags":[],"_links":{"self":[{"href":"https:\/\/face.unt.edu.ar\/web\/wp-json\/wp\/v2\/posts\/7377"}],"collection":[{"href":"https:\/\/face.unt.edu.ar\/web\/wp-json\/wp\/v2\/posts"}],"about":[{"href":"https:\/\/face.unt.edu.ar\/web\/wp-json\/wp\/v2\/types\/post"}],"author":[{"embeddable":true,"href":"https:\/\/face.unt.edu.ar\/web\/wp-json\/wp\/v2\/users\/2"}],"replies":[{"embeddable":true,"href":"https:\/\/face.unt.edu.ar\/web\/wp-json\/wp\/v2\/comments?post=7377"}],"version-history":[{"count":1,"href":"https:\/\/face.unt.edu.ar\/web\/wp-json\/wp\/v2\/posts\/7377\/revisions"}],"predecessor-version":[{"id":7380,"href":"https:\/\/face.unt.edu.ar\/web\/wp-json\/wp\/v2\/posts\/7377\/revisions\/7380"}],"wp:featuredmedia":[{"embeddable":true,"href":"https:\/\/face.unt.edu.ar\/web\/wp-json\/wp\/v2\/media\/7379"}],"wp:attachment":[{"href":"https:\/\/face.unt.edu.ar\/web\/wp-json\/wp\/v2\/media?parent=7377"}],"wp:term":[{"taxonomy":"category","embeddable":true,"href":"https:\/\/face.unt.edu.ar\/web\/wp-json\/wp\/v2\/categories?post=7377"},{"taxonomy":"post_tag","embeddable":true,"href":"https:\/\/face.unt.edu.ar\/web\/wp-json\/wp\/v2\/tags?post=7377"}],"curies":[{"name":"wp","href":"https:\/\/api.w.org\/{rel}","templated":true}]}}